{"id":7060,"date":"2015-03-30T16:58:44","date_gmt":"2015-03-30T14:58:44","guid":{"rendered":"https:\/\/elparlante.es\/web\/barribook-will-be-projected-during-barcelona-visualsound-2014\/"},"modified":"2015-03-30T16:58:44","modified_gmt":"2015-03-30T14:58:44","slug":"barribook-will-be-projected-during-barcelona-visualsound-2014","status":"publish","type":"post","link":"https:\/\/elparlante.es\/en\/barribook-will-be-projected-during-barcelona-visualsound-2014\/","title":{"rendered":"Barribook will be projected during Barcelona VisualSound 2014"},"content":{"rendered":"<p><a href=\"http:\/\/elparlante.es\/wp-content\/uploads\/2014\/05\/elparlante-barcelona-visual-sound.gif\"><img loading=\"lazy\" decoding=\"async\" class=\"alignleft size-large wp-image-1510\" src=\"http:\/\/elparlante.es\/wp-content\/uploads\/2014\/05\/elparlante-barcelona-visual-sound-800x560.gif\" alt=\"elparlante-barcelona-visual-sound\" width=\"800\" height=\"560\"><\/a><\/p>\n<p>This project, which since 2011 promotes positive interaction between young people in Horta Guinard\u00f3, has been included in an important audiovisual festival. This is <a href=\"http:\/\/barcelonavisualsound.org\/es\/\" target=\"_blank\" rel=\"noopener\">Barcelona Visual Sound<\/a>, which every year combines competitions and free, recreational and informative activities, related to different areas of audiovisual artistic creation. From 6 to 16 May, the municipal facilities of Barcelona that organize it (civic centers, spaces for young people and youth homes), will host the competitions and activities of the festival. The <a href=\"http:\/\/elparlante.es\/proyectos\/barribook-tv\/\" target=\"_blank\" rel=\"noopener\">Barribook TV<\/a> project will be projected this May 14 at the Espai Jove Bocanord (Agudells Street 37-45). <a href=\"http:\/\/www.bocanord.cat\/2014\/05\/05\/projeccio-i-xerrada-hg-barri-book\/\" target=\"_blank\" rel=\"noopener\">Learn more<\/a>.<\/p>\n","protected":false},"excerpt":{"rendered":"<p>This project, which since 2011 promotes positive interaction between young people in Horta Guinard\u00f3, has been included in an important audiovisual festival. This is Barcelona Visual Sound, which every year combines competitions and free, recreational and informative activities, related to different areas of audiovisual artistic creation. From 6 to 16 May, the municipal facilities of [&hellip;]<\/p>\n","protected":false},"author":1,"featured_media":6895,"comment_status":"closed","ping_status":"closed","sticky":false,"template":"","format":"standard","meta":{"_et_pb_use_builder":"","_et_pb_old_content":"","_et_gb_content_width":"","_monsterinsights_skip_tracking":false,"_monsterinsights_sitenote_active":false,"_monsterinsights_sitenote_note":"","_monsterinsights_sitenote_category":0,"footnotes":""},"categories":[766],"tags":[],"class_list":["post-7060","post","type-post","status-publish","format-standard","has-post-thumbnail","hentry","category-blog-en"],"yoast_head":"<!-- This site is optimized with the Yoast SEO plugin v27.2 - https:\/\/yoast.com\/product\/yoast-seo-wordpress\/ -->\n<title>Barribook will be projected during Barcelona VisualSound 2014<\/title>\n<meta name=\"robots\" content=\"noindex, follow\" \/>\n<meta property=\"og:locale\" content=\"en_US\" \/>\n<meta property=\"og:type\" content=\"article\" \/>\n<meta property=\"og:title\" content=\"Barribook will be projected during Barcelona VisualSound 2014\" \/>\n<meta property=\"og:description\" content=\"This project, which since 2011 promotes positive interaction between young people in Horta Guinard\u00f3, has been included in an important audiovisual festival. This is Barcelona Visual Sound, which every year combines competitions and free, recreational and informative activities, related to different areas of audiovisual artistic creation. From 6 to 16 May, the municipal facilities of [&hellip;]\" \/>\n<meta property=\"og:url\" content=\"https:\/\/elparlante.es\/en\/barribook-will-be-projected-during-barcelona-visualsound-2014\/\" \/>\n<meta property=\"og:site_name\" content=\"elParlante\" \/>\n<meta property=\"article:publisher\" content=\"https:\/\/www.facebook.com\/elParlante.es\" \/>\n<meta property=\"article:published_time\" content=\"2015-03-30T14:58:44+00:00\" \/>\n<meta property=\"og:image\" content=\"https:\/\/elparlante.es\/wp-content\/uploads\/2015\/03\/elparlante-barcelona-visual-sound-800x560-1.gif\" \/>\n\t<meta property=\"og:image:width\" content=\"800\" \/>\n\t<meta property=\"og:image:height\" content=\"560\" \/>\n\t<meta property=\"og:image:type\" content=\"image\/gif\" \/>\n<meta name=\"author\" content=\"elParlante\" \/>\n<meta name=\"twitter:card\" content=\"summary_large_image\" \/>\n<meta name=\"twitter:creator\" content=\"@elParlanteBCN\" \/>\n<meta name=\"twitter:site\" content=\"@elParlanteBCN\" \/>\n<meta name=\"twitter:label1\" content=\"Written by\" \/>\n\t<meta name=\"twitter:data1\" content=\"elParlante\" \/>\n<script type=\"application\/ld+json\" class=\"yoast-schema-graph\">{\"@context\":\"https:\/\/schema.org\",\"@graph\":[{\"@type\":\"Article\",\"@id\":\"https:\/\/elparlante.es\/en\/barribook-will-be-projected-during-barcelona-visualsound-2014\/#article\",\"isPartOf\":{\"@id\":\"https:\/\/elparlante.es\/en\/barribook-will-be-projected-during-barcelona-visualsound-2014\/\"},\"author\":{\"name\":\"elParlante\",\"@id\":\"https:\/\/elparlante.es\/en\/#\/schema\/person\/7a1e11d9ebdc0662e18895ca0bccb568\"},\"headline\":\"Barribook will be projected during Barcelona VisualSound 2014\",\"datePublished\":\"2015-03-30T14:58:44+00:00\",\"mainEntityOfPage\":{\"@id\":\"https:\/\/elparlante.es\/en\/barribook-will-be-projected-during-barcelona-visualsound-2014\/\"},\"wordCount\":100,\"image\":{\"@id\":\"https:\/\/elparlante.es\/en\/barribook-will-be-projected-during-barcelona-visualsound-2014\/#primaryimage\"},\"thumbnailUrl\":\"https:\/\/elparlante.es\/wp-content\/uploads\/2015\/03\/elparlante-barcelona-visual-sound-800x560-1.gif\",\"articleSection\":[\"Blog-en\"],\"inLanguage\":\"en-US\"},{\"@type\":\"WebPage\",\"@id\":\"https:\/\/elparlante.es\/en\/barribook-will-be-projected-during-barcelona-visualsound-2014\/\",\"url\":\"https:\/\/elparlante.es\/en\/barribook-will-be-projected-during-barcelona-visualsound-2014\/\",\"name\":\"Barribook will be projected during Barcelona VisualSound 2014\",\"isPartOf\":{\"@id\":\"https:\/\/elparlante.es\/en\/#website\"},\"primaryImageOfPage\":{\"@id\":\"https:\/\/elparlante.es\/en\/barribook-will-be-projected-during-barcelona-visualsound-2014\/#primaryimage\"},\"image\":{\"@id\":\"https:\/\/elparlante.es\/en\/barribook-will-be-projected-during-barcelona-visualsound-2014\/#primaryimage\"},\"thumbnailUrl\":\"https:\/\/elparlante.es\/wp-content\/uploads\/2015\/03\/elparlante-barcelona-visual-sound-800x560-1.gif\",\"datePublished\":\"2015-03-30T14:58:44+00:00\",\"author\":{\"@id\":\"https:\/\/elparlante.es\/en\/#\/schema\/person\/7a1e11d9ebdc0662e18895ca0bccb568\"},\"breadcrumb\":{\"@id\":\"https:\/\/elparlante.es\/en\/barribook-will-be-projected-during-barcelona-visualsound-2014\/#breadcrumb\"},\"inLanguage\":\"en-US\",\"potentialAction\":[{\"@type\":\"ReadAction\",\"target\":[\"https:\/\/elparlante.es\/en\/barribook-will-be-projected-during-barcelona-visualsound-2014\/\"]}]},{\"@type\":\"ImageObject\",\"inLanguage\":\"en-US\",\"@id\":\"https:\/\/elparlante.es\/en\/barribook-will-be-projected-during-barcelona-visualsound-2014\/#primaryimage\",\"url\":\"https:\/\/elparlante.es\/wp-content\/uploads\/2015\/03\/elparlante-barcelona-visual-sound-800x560-1.gif\",\"contentUrl\":\"https:\/\/elparlante.es\/wp-content\/uploads\/2015\/03\/elparlante-barcelona-visual-sound-800x560-1.gif\",\"width\":800,\"height\":560},{\"@type\":\"BreadcrumbList\",\"@id\":\"https:\/\/elparlante.es\/en\/barribook-will-be-projected-during-barcelona-visualsound-2014\/#breadcrumb\",\"itemListElement\":[{\"@type\":\"ListItem\",\"position\":1,\"name\":\"Portada\",\"item\":\"https:\/\/elparlante.es\/en\/\"},{\"@type\":\"ListItem\",\"position\":2,\"name\":\"Barribook will be projected during Barcelona VisualSound 2014\"}]},{\"@type\":\"WebSite\",\"@id\":\"https:\/\/elparlante.es\/en\/#website\",\"url\":\"https:\/\/elparlante.es\/en\/\",\"name\":\"elParlante\",\"description\":\"ElParlante es una entidad de car\u00e1cter cultural, social y educativo, fundada en 2009. Entendemos la comunicaci\u00f3n como un proceso de di\u00e1logo constante, y utilizamos las tecnolog\u00edas audiovisuales como instrumentos de transformaci\u00f3n y cambio. Dise\u00f1amos, implementamos y evaluamos estrategias que vinculan la Educaci\u00f3n y la Comunicaci\u00f3n para la promoci\u00f3n de una ciudadan\u00eda m\u00e1s activa.\",\"alternateName\":\"elParlante\",\"potentialAction\":[{\"@type\":\"SearchAction\",\"target\":{\"@type\":\"EntryPoint\",\"urlTemplate\":\"https:\/\/elparlante.es\/en\/?s={search_term_string}\"},\"query-input\":{\"@type\":\"PropertyValueSpecification\",\"valueRequired\":true,\"valueName\":\"search_term_string\"}}],\"inLanguage\":\"en-US\"},{\"@type\":\"Person\",\"@id\":\"https:\/\/elparlante.es\/en\/#\/schema\/person\/7a1e11d9ebdc0662e18895ca0bccb568\",\"name\":\"elParlante\",\"image\":{\"@type\":\"ImageObject\",\"inLanguage\":\"en-US\",\"@id\":\"https:\/\/secure.gravatar.com\/avatar\/4d7d152cbe8c0a34203c3c862e5e0dcb4c426e2e6d438567fb8fb45bec080245?s=96&d=mm&r=g\",\"url\":\"https:\/\/secure.gravatar.com\/avatar\/4d7d152cbe8c0a34203c3c862e5e0dcb4c426e2e6d438567fb8fb45bec080245?s=96&d=mm&r=g\",\"contentUrl\":\"https:\/\/secure.gravatar.com\/avatar\/4d7d152cbe8c0a34203c3c862e5e0dcb4c426e2e6d438567fb8fb45bec080245?s=96&d=mm&r=g\",\"caption\":\"elParlante\"},\"sameAs\":[\"https:\/\/elparlante.es\/web\"]}]}<\/script>\n<!-- \/ Yoast SEO plugin. -->","yoast_head_json":{"title":"Barribook will be projected during Barcelona VisualSound 2014","robots":{"index":"noindex","follow":"follow"},"og_locale":"en_US","og_type":"article","og_title":"Barribook will be projected during Barcelona VisualSound 2014","og_description":"This project, which since 2011 promotes positive interaction between young people in Horta Guinard\u00f3, has been included in an important audiovisual festival. This is Barcelona Visual Sound, which every year combines competitions and free, recreational and informative activities, related to different areas of audiovisual artistic creation. From 6 to 16 May, the municipal facilities of [&hellip;]","og_url":"https:\/\/elparlante.es\/en\/barribook-will-be-projected-during-barcelona-visualsound-2014\/","og_site_name":"elParlante","article_publisher":"https:\/\/www.facebook.com\/elParlante.es","article_published_time":"2015-03-30T14:58:44+00:00","og_image":[{"width":800,"height":560,"url":"https:\/\/elparlante.es\/wp-content\/uploads\/2015\/03\/elparlante-barcelona-visual-sound-800x560-1.gif","type":"image\/gif"}],"author":"elParlante","twitter_card":"summary_large_image","twitter_creator":"@elParlanteBCN","twitter_site":"@elParlanteBCN","twitter_misc":{"Written by":"elParlante"},"schema":{"@context":"https:\/\/schema.org","@graph":[{"@type":"Article","@id":"https:\/\/elparlante.es\/en\/barribook-will-be-projected-during-barcelona-visualsound-2014\/#article","isPartOf":{"@id":"https:\/\/elparlante.es\/en\/barribook-will-be-projected-during-barcelona-visualsound-2014\/"},"author":{"name":"elParlante","@id":"https:\/\/elparlante.es\/en\/#\/schema\/person\/7a1e11d9ebdc0662e18895ca0bccb568"},"headline":"Barribook will be projected during Barcelona VisualSound 2014","datePublished":"2015-03-30T14:58:44+00:00","mainEntityOfPage":{"@id":"https:\/\/elparlante.es\/en\/barribook-will-be-projected-during-barcelona-visualsound-2014\/"},"wordCount":100,"image":{"@id":"https:\/\/elparlante.es\/en\/barribook-will-be-projected-during-barcelona-visualsound-2014\/#primaryimage"},"thumbnailUrl":"https:\/\/elparlante.es\/wp-content\/uploads\/2015\/03\/elparlante-barcelona-visual-sound-800x560-1.gif","articleSection":["Blog-en"],"inLanguage":"en-US"},{"@type":"WebPage","@id":"https:\/\/elparlante.es\/en\/barribook-will-be-projected-during-barcelona-visualsound-2014\/","url":"https:\/\/elparlante.es\/en\/barribook-will-be-projected-during-barcelona-visualsound-2014\/","name":"Barribook will be projected during Barcelona VisualSound 2014","isPartOf":{"@id":"https:\/\/elparlante.es\/en\/#website"},"primaryImageOfPage":{"@id":"https:\/\/elparlante.es\/en\/barribook-will-be-projected-during-barcelona-visualsound-2014\/#primaryimage"},"image":{"@id":"https:\/\/elparlante.es\/en\/barribook-will-be-projected-during-barcelona-visualsound-2014\/#primaryimage"},"thumbnailUrl":"https:\/\/elparlante.es\/wp-content\/uploads\/2015\/03\/elparlante-barcelona-visual-sound-800x560-1.gif","datePublished":"2015-03-30T14:58:44+00:00","author":{"@id":"https:\/\/elparlante.es\/en\/#\/schema\/person\/7a1e11d9ebdc0662e18895ca0bccb568"},"breadcrumb":{"@id":"https:\/\/elparlante.es\/en\/barribook-will-be-projected-during-barcelona-visualsound-2014\/#breadcrumb"},"inLanguage":"en-US","potentialAction":[{"@type":"ReadAction","target":["https:\/\/elparlante.es\/en\/barribook-will-be-projected-during-barcelona-visualsound-2014\/"]}]},{"@type":"ImageObject","inLanguage":"en-US","@id":"https:\/\/elparlante.es\/en\/barribook-will-be-projected-during-barcelona-visualsound-2014\/#primaryimage","url":"https:\/\/elparlante.es\/wp-content\/uploads\/2015\/03\/elparlante-barcelona-visual-sound-800x560-1.gif","contentUrl":"https:\/\/elparlante.es\/wp-content\/uploads\/2015\/03\/elparlante-barcelona-visual-sound-800x560-1.gif","width":800,"height":560},{"@type":"BreadcrumbList","@id":"https:\/\/elparlante.es\/en\/barribook-will-be-projected-during-barcelona-visualsound-2014\/#breadcrumb","itemListElement":[{"@type":"ListItem","position":1,"name":"Portada","item":"https:\/\/elparlante.es\/en\/"},{"@type":"ListItem","position":2,"name":"Barribook will be projected during Barcelona VisualSound 2014"}]},{"@type":"WebSite","@id":"https:\/\/elparlante.es\/en\/#website","url":"https:\/\/elparlante.es\/en\/","name":"elParlante","description":"ElParlante es una entidad de car\u00e1cter cultural, social y educativo, fundada en 2009. Entendemos la comunicaci\u00f3n como un proceso de di\u00e1logo constante, y utilizamos las tecnolog\u00edas audiovisuales como instrumentos de transformaci\u00f3n y cambio. Dise\u00f1amos, implementamos y evaluamos estrategias que vinculan la Educaci\u00f3n y la Comunicaci\u00f3n para la promoci\u00f3n de una ciudadan\u00eda m\u00e1s activa.","alternateName":"elParlante","potentialAction":[{"@type":"SearchAction","target":{"@type":"EntryPoint","urlTemplate":"https:\/\/elparlante.es\/en\/?s={search_term_string}"},"query-input":{"@type":"PropertyValueSpecification","valueRequired":true,"valueName":"search_term_string"}}],"inLanguage":"en-US"},{"@type":"Person","@id":"https:\/\/elparlante.es\/en\/#\/schema\/person\/7a1e11d9ebdc0662e18895ca0bccb568","name":"elParlante","image":{"@type":"ImageObject","inLanguage":"en-US","@id":"https:\/\/secure.gravatar.com\/avatar\/4d7d152cbe8c0a34203c3c862e5e0dcb4c426e2e6d438567fb8fb45bec080245?s=96&d=mm&r=g","url":"https:\/\/secure.gravatar.com\/avatar\/4d7d152cbe8c0a34203c3c862e5e0dcb4c426e2e6d438567fb8fb45bec080245?s=96&d=mm&r=g","contentUrl":"https:\/\/secure.gravatar.com\/avatar\/4d7d152cbe8c0a34203c3c862e5e0dcb4c426e2e6d438567fb8fb45bec080245?s=96&d=mm&r=g","caption":"elParlante"},"sameAs":["https:\/\/elparlante.es\/web"]}]}},"_links":{"self":[{"href":"https:\/\/elparlante.es\/en\/wp-json\/wp\/v2\/posts\/7060","targetHints":{"allow":["GET"]}}],"collection":[{"href":"https:\/\/elparlante.es\/en\/wp-json\/wp\/v2\/posts"}],"about":[{"href":"https:\/\/elparlante.es\/en\/wp-json\/wp\/v2\/types\/post"}],"author":[{"embeddable":true,"href":"https:\/\/elparlante.es\/en\/wp-json\/wp\/v2\/users\/1"}],"replies":[{"embeddable":true,"href":"https:\/\/elparlante.es\/en\/wp-json\/wp\/v2\/comments?post=7060"}],"version-history":[{"count":0,"href":"https:\/\/elparlante.es\/en\/wp-json\/wp\/v2\/posts\/7060\/revisions"}],"wp:featuredmedia":[{"embeddable":true,"href":"https:\/\/elparlante.es\/en\/wp-json\/wp\/v2\/media\/6895"}],"wp:attachment":[{"href":"https:\/\/elparlante.es\/en\/wp-json\/wp\/v2\/media?parent=7060"}],"wp:term":[{"taxonomy":"category","embeddable":true,"href":"https:\/\/elparlante.es\/en\/wp-json\/wp\/v2\/categories?post=7060"},{"taxonomy":"post_tag","embeddable":true,"href":"https:\/\/elparlante.es\/en\/wp-json\/wp\/v2\/tags?post=7060"}],"curies":[{"name":"wp","href":"https:\/\/api.w.org\/{rel}","templated":true}]}}