{"id":7102,"date":"2016-10-11T11:44:00","date_gmt":"2016-10-11T09:44:00","guid":{"rendered":"https:\/\/elparlante.es\/web\/participatory-and-social-interest-video\/"},"modified":"2016-10-11T11:44:00","modified_gmt":"2016-10-11T09:44:00","slug":"participatory-and-social-interest-video","status":"publish","type":"post","link":"https:\/\/elparlante.es\/en\/participatory-and-social-interest-video\/","title":{"rendered":"PARTICIPATORY AND SOCIAL INTEREST VIDEO"},"content":{"rendered":"<p><span style=\"font-weight: 400;\">By: Alfredo Cohen<\/span><\/p>\n<p>&nbsp;<\/p>\n<p><span style=\"font-weight: 400;\">Emotion is the impulse that induces action. Everyone knows that video is currently the format par excellence for transmitting emotions. Every day 3,000 million videos are seen on Youtube and the same amount is uploaded to Facebook every month. It is necessary to connect with new sensibilities, new languages and new times of citizens. Organizations or people who do not understand this paradigm shift will remain outside.<\/span><\/p>\n<p><span style=\"font-weight: 400;\">At elParlante we understand that this type of narrative allows us to tell stories and, even more importantly, that those who produce them are taken into consideration. For Rodr\u00edguez (2010), telling one&#8217;s own story allows recognition and therefore helps to build what we are, that is, it helps to have us and to be taken into account. Regardless of whether you are a group, a company or a citizen, explaining to be recognized is not a minor issue in a globalized and fragmented world.  <\/span><\/p>\n<p>&nbsp;<\/p>\n<p><span style=\"font-weight: 400;\">In this sense, in elParlante we make two types of video:<\/span><\/p>\n<p>&nbsp;<\/p>\n<ol>\n<li style=\"font-weight: 400;\"><span style=\"font-weight: 400;\">The <\/span><b>participatory video <\/b> <span style=\"font-weight: 400;\">As a result of our co-creation projects in which a group of people are sensitized and motivated to create a piece collectively that generates reflection \/ criticism \/ dialogue on a social theme that is significant to them. The videos resulting from this process will serve as pedagogical material so that the filmmakers themselves (young people, the elderly, women, students, teachers&#8230;) can sensitize the communities to which they belong.<\/span><\/li>\n<\/ol>\n<p>&nbsp;<\/p>\n<p><span style=\"font-weight: 400;\">&#8220;(The video) pressures, incites, seduces those who use it to undertake processes of symbolic creation. When you have a microphone in your hand or look at it through a video camera, the same technology encourages you to direct the microphone towards the environment, to look at the world through the viewfinder of the camera. Technology itself makes us artisans of sounds and images, of symbolic products, and it is precisely here where other ways of seeing the environment and imagining the future can emerge. That is, it is through the reconfiguration of signs from where collective imaginaries, alternative versions of territory and new utopias are generated to shape the future&#8221;. (Clemency Rodriguez, 2011: 46)<\/span><\/p>\n<p>&nbsp;<\/p>\n<p><span style=\"font-weight: 400;\">This is an example of the many participatory video projects carried out by elParlante. Barribook TV, made in 2012 in the district of Horta-Guinard\u00f3<\/span><\/p>\n<p style=\"text-align: center;\"><iframe loading=\"lazy\" src=\"https:\/\/www.youtube.com\/embed\/pgXCDzfiqFU\" width=\"560\" height=\"315\" frameborder=\"0\" allowfullscreen=\"allowfullscreen\"><\/iframe><\/p>\n<p style=\"text-align: center;\">\n<ol start=\"2\">\n<li> <span style=\"font-weight: 400;\"> On the other hand, the <strong>video<\/strong><\/span><b>of social interest<\/b><span style=\"font-weight: 400;\">  is an audiovisual product where the script is constructed by the creative team of elParlante together with entities, foundations, associations, companies, cooperatives, collectives or professionals who need to explain, show or sell products, services or ideas with social interest. Although aesthetics and neatness are important, more than effective tricks, we are interested in telling stories well and telling content that might otherwise seem uninteresting. We have made a large number of videos that have served to systematize activities such as conferences, plays or exhibitions, raise awareness about a specific topic, make a call, increase the participation of like-minded people or get support for specific projects.  <\/span><\/li>\n<\/ol>\n<p>&nbsp;<br \/>\n<span style=\"font-weight: 400;\">This is an example of a video made for the FEDAC Educational Foundation.<\/span><\/p>\n<p style=\"text-align: center;\"><iframe loading=\"lazy\" src=\"https:\/\/www.youtube.com\/embed\/resA3fl30rE\" width=\"560\" height=\"315\" frameborder=\"0\" allowfullscreen=\"allowfullscreen\"><\/iframe><\/p>\n<p><span style=\"font-weight: 400;\">Through different projects, we have observed that the audiovisual can help us weave new realities to expose our own voice and thus, build an active citizenship while reaching more and more people.  <\/span><\/p>\n<p>&nbsp;<\/p>\n<p><span style=\"font-weight: 400;\">If you would like to make a participatory or social interest video for yourself or your company\/organization, do not hesitate to <\/span><a href=\"http:\/\/elparlante.es\/contacto\/\"><br \/>\n  <span style=\"font-weight: 400;\">contact us.<\/span><br \/>\n<\/a><\/p>\n<p>&nbsp;<\/p>\n","protected":false},"excerpt":{"rendered":"<p>By: Alfredo Cohen &nbsp; Emotion is the impulse that induces action. Everyone knows that video is currently the format par excellence for transmitting emotions. Every day 3,000 million videos are seen on Youtube and the same amount is uploaded to Facebook every month. It is necessary to connect with new sensibilities, new languages and new [&hellip;]<\/p>\n","protected":false},"author":1,"featured_media":6871,"comment_status":"closed","ping_status":"closed","sticky":false,"template":"","format":"image","meta":{"_et_pb_use_builder":"","_et_pb_old_content":"","_et_gb_content_width":"","_monsterinsights_skip_tracking":false,"_monsterinsights_sitenote_active":false,"_monsterinsights_sitenote_note":"","_monsterinsights_sitenote_category":0,"footnotes":""},"categories":[766],"tags":[],"class_list":["post-7102","post","type-post","status-publish","format-image","has-post-thumbnail","hentry","category-blog-en","post_format-post-format-image"],"yoast_head":"<!-- This site is optimized with the Yoast SEO plugin v27.2 - https:\/\/yoast.com\/product\/yoast-seo-wordpress\/ -->\n<title>PARTICIPATORY AND SOCIAL INTEREST VIDEO<\/title>\n<meta name=\"robots\" content=\"noindex, follow\" \/>\n<meta property=\"og:locale\" content=\"en_US\" \/>\n<meta property=\"og:type\" content=\"article\" \/>\n<meta property=\"og:title\" content=\"PARTICIPATORY AND SOCIAL INTEREST VIDEO\" \/>\n<meta property=\"og:description\" content=\"By: Alfredo Cohen &nbsp; Emotion is the impulse that induces action. Everyone knows that video is currently the format par excellence for transmitting emotions. Every day 3,000 million videos are seen on Youtube and the same amount is uploaded to Facebook every month. It is necessary to connect with new sensibilities, new languages and new [&hellip;]\" \/>\n<meta property=\"og:url\" content=\"https:\/\/elparlante.es\/en\/participatory-and-social-interest-video\/\" \/>\n<meta property=\"og:site_name\" content=\"elParlante\" \/>\n<meta property=\"article:publisher\" content=\"https:\/\/www.facebook.com\/elParlante.es\" \/>\n<meta property=\"article:published_time\" content=\"2016-10-11T09:44:00+00:00\" \/>\n<meta property=\"og:image\" content=\"https:\/\/elparlante.es\/wp-content\/uploads\/2016\/10\/proyectos-elparlante-videos-interes-social-570x380-1.jpg\" \/>\n\t<meta property=\"og:image:width\" content=\"570\" \/>\n\t<meta property=\"og:image:height\" content=\"380\" \/>\n\t<meta property=\"og:image:type\" content=\"image\/jpeg\" \/>\n<meta name=\"author\" content=\"elParlante\" \/>\n<meta name=\"twitter:card\" content=\"summary_large_image\" \/>\n<meta name=\"twitter:creator\" content=\"@elParlanteBCN\" \/>\n<meta name=\"twitter:site\" content=\"@elParlanteBCN\" \/>\n<meta name=\"twitter:label1\" content=\"Written by\" \/>\n\t<meta name=\"twitter:data1\" content=\"elParlante\" \/>\n\t<meta name=\"twitter:label2\" content=\"Est. reading time\" \/>\n\t<meta name=\"twitter:data2\" content=\"3 minutes\" \/>\n<script type=\"application\/ld+json\" class=\"yoast-schema-graph\">{\"@context\":\"https:\/\/schema.org\",\"@graph\":[{\"@type\":\"Article\",\"@id\":\"https:\/\/elparlante.es\/en\/participatory-and-social-interest-video\/#article\",\"isPartOf\":{\"@id\":\"https:\/\/elparlante.es\/en\/participatory-and-social-interest-video\/\"},\"author\":{\"name\":\"elParlante\",\"@id\":\"https:\/\/elparlante.es\/en\/#\/schema\/person\/7a1e11d9ebdc0662e18895ca0bccb568\"},\"headline\":\"PARTICIPATORY AND SOCIAL INTEREST VIDEO\",\"datePublished\":\"2016-10-11T09:44:00+00:00\",\"mainEntityOfPage\":{\"@id\":\"https:\/\/elparlante.es\/en\/participatory-and-social-interest-video\/\"},\"wordCount\":566,\"image\":{\"@id\":\"https:\/\/elparlante.es\/en\/participatory-and-social-interest-video\/#primaryimage\"},\"thumbnailUrl\":\"https:\/\/elparlante.es\/wp-content\/uploads\/2016\/10\/proyectos-elparlante-videos-interes-social-570x380-1.jpg\",\"articleSection\":[\"Blog-en\"],\"inLanguage\":\"en-US\"},{\"@type\":\"WebPage\",\"@id\":\"https:\/\/elparlante.es\/en\/participatory-and-social-interest-video\/\",\"url\":\"https:\/\/elparlante.es\/en\/participatory-and-social-interest-video\/\",\"name\":\"PARTICIPATORY AND SOCIAL INTEREST VIDEO\",\"isPartOf\":{\"@id\":\"https:\/\/elparlante.es\/en\/#website\"},\"primaryImageOfPage\":{\"@id\":\"https:\/\/elparlante.es\/en\/participatory-and-social-interest-video\/#primaryimage\"},\"image\":{\"@id\":\"https:\/\/elparlante.es\/en\/participatory-and-social-interest-video\/#primaryimage\"},\"thumbnailUrl\":\"https:\/\/elparlante.es\/wp-content\/uploads\/2016\/10\/proyectos-elparlante-videos-interes-social-570x380-1.jpg\",\"datePublished\":\"2016-10-11T09:44:00+00:00\",\"author\":{\"@id\":\"https:\/\/elparlante.es\/en\/#\/schema\/person\/7a1e11d9ebdc0662e18895ca0bccb568\"},\"breadcrumb\":{\"@id\":\"https:\/\/elparlante.es\/en\/participatory-and-social-interest-video\/#breadcrumb\"},\"inLanguage\":\"en-US\",\"potentialAction\":[{\"@type\":\"ReadAction\",\"target\":[\"https:\/\/elparlante.es\/en\/participatory-and-social-interest-video\/\"]}]},{\"@type\":\"ImageObject\",\"inLanguage\":\"en-US\",\"@id\":\"https:\/\/elparlante.es\/en\/participatory-and-social-interest-video\/#primaryimage\",\"url\":\"https:\/\/elparlante.es\/wp-content\/uploads\/2016\/10\/proyectos-elparlante-videos-interes-social-570x380-1.jpg\",\"contentUrl\":\"https:\/\/elparlante.es\/wp-content\/uploads\/2016\/10\/proyectos-elparlante-videos-interes-social-570x380-1.jpg\",\"width\":570,\"height\":380},{\"@type\":\"BreadcrumbList\",\"@id\":\"https:\/\/elparlante.es\/en\/participatory-and-social-interest-video\/#breadcrumb\",\"itemListElement\":[{\"@type\":\"ListItem\",\"position\":1,\"name\":\"Portada\",\"item\":\"https:\/\/elparlante.es\/en\/\"},{\"@type\":\"ListItem\",\"position\":2,\"name\":\"PARTICIPATORY AND SOCIAL INTEREST VIDEO\"}]},{\"@type\":\"WebSite\",\"@id\":\"https:\/\/elparlante.es\/en\/#website\",\"url\":\"https:\/\/elparlante.es\/en\/\",\"name\":\"elParlante\",\"description\":\"ElParlante es una entidad de car\u00e1cter cultural, social y educativo, fundada en 2009. Entendemos la comunicaci\u00f3n como un proceso de di\u00e1logo constante, y utilizamos las tecnolog\u00edas audiovisuales como instrumentos de transformaci\u00f3n y cambio. Dise\u00f1amos, implementamos y evaluamos estrategias que vinculan la Educaci\u00f3n y la Comunicaci\u00f3n para la promoci\u00f3n de una ciudadan\u00eda m\u00e1s activa.\",\"alternateName\":\"elParlante\",\"potentialAction\":[{\"@type\":\"SearchAction\",\"target\":{\"@type\":\"EntryPoint\",\"urlTemplate\":\"https:\/\/elparlante.es\/en\/?s={search_term_string}\"},\"query-input\":{\"@type\":\"PropertyValueSpecification\",\"valueRequired\":true,\"valueName\":\"search_term_string\"}}],\"inLanguage\":\"en-US\"},{\"@type\":\"Person\",\"@id\":\"https:\/\/elparlante.es\/en\/#\/schema\/person\/7a1e11d9ebdc0662e18895ca0bccb568\",\"name\":\"elParlante\",\"image\":{\"@type\":\"ImageObject\",\"inLanguage\":\"en-US\",\"@id\":\"https:\/\/secure.gravatar.com\/avatar\/4d7d152cbe8c0a34203c3c862e5e0dcb4c426e2e6d438567fb8fb45bec080245?s=96&d=mm&r=g\",\"url\":\"https:\/\/secure.gravatar.com\/avatar\/4d7d152cbe8c0a34203c3c862e5e0dcb4c426e2e6d438567fb8fb45bec080245?s=96&d=mm&r=g\",\"contentUrl\":\"https:\/\/secure.gravatar.com\/avatar\/4d7d152cbe8c0a34203c3c862e5e0dcb4c426e2e6d438567fb8fb45bec080245?s=96&d=mm&r=g\",\"caption\":\"elParlante\"},\"sameAs\":[\"https:\/\/elparlante.es\/web\"]}]}<\/script>\n<!-- \/ Yoast SEO plugin. -->","yoast_head_json":{"title":"PARTICIPATORY AND SOCIAL INTEREST VIDEO","robots":{"index":"noindex","follow":"follow"},"og_locale":"en_US","og_type":"article","og_title":"PARTICIPATORY AND SOCIAL INTEREST VIDEO","og_description":"By: Alfredo Cohen &nbsp; Emotion is the impulse that induces action. Everyone knows that video is currently the format par excellence for transmitting emotions. Every day 3,000 million videos are seen on Youtube and the same amount is uploaded to Facebook every month. It is necessary to connect with new sensibilities, new languages and new [&hellip;]","og_url":"https:\/\/elparlante.es\/en\/participatory-and-social-interest-video\/","og_site_name":"elParlante","article_publisher":"https:\/\/www.facebook.com\/elParlante.es","article_published_time":"2016-10-11T09:44:00+00:00","og_image":[{"width":570,"height":380,"url":"https:\/\/elparlante.es\/wp-content\/uploads\/2016\/10\/proyectos-elparlante-videos-interes-social-570x380-1.jpg","type":"image\/jpeg"}],"author":"elParlante","twitter_card":"summary_large_image","twitter_creator":"@elParlanteBCN","twitter_site":"@elParlanteBCN","twitter_misc":{"Written by":"elParlante","Est. reading time":"3 minutes"},"schema":{"@context":"https:\/\/schema.org","@graph":[{"@type":"Article","@id":"https:\/\/elparlante.es\/en\/participatory-and-social-interest-video\/#article","isPartOf":{"@id":"https:\/\/elparlante.es\/en\/participatory-and-social-interest-video\/"},"author":{"name":"elParlante","@id":"https:\/\/elparlante.es\/en\/#\/schema\/person\/7a1e11d9ebdc0662e18895ca0bccb568"},"headline":"PARTICIPATORY AND SOCIAL INTEREST VIDEO","datePublished":"2016-10-11T09:44:00+00:00","mainEntityOfPage":{"@id":"https:\/\/elparlante.es\/en\/participatory-and-social-interest-video\/"},"wordCount":566,"image":{"@id":"https:\/\/elparlante.es\/en\/participatory-and-social-interest-video\/#primaryimage"},"thumbnailUrl":"https:\/\/elparlante.es\/wp-content\/uploads\/2016\/10\/proyectos-elparlante-videos-interes-social-570x380-1.jpg","articleSection":["Blog-en"],"inLanguage":"en-US"},{"@type":"WebPage","@id":"https:\/\/elparlante.es\/en\/participatory-and-social-interest-video\/","url":"https:\/\/elparlante.es\/en\/participatory-and-social-interest-video\/","name":"PARTICIPATORY AND SOCIAL INTEREST VIDEO","isPartOf":{"@id":"https:\/\/elparlante.es\/en\/#website"},"primaryImageOfPage":{"@id":"https:\/\/elparlante.es\/en\/participatory-and-social-interest-video\/#primaryimage"},"image":{"@id":"https:\/\/elparlante.es\/en\/participatory-and-social-interest-video\/#primaryimage"},"thumbnailUrl":"https:\/\/elparlante.es\/wp-content\/uploads\/2016\/10\/proyectos-elparlante-videos-interes-social-570x380-1.jpg","datePublished":"2016-10-11T09:44:00+00:00","author":{"@id":"https:\/\/elparlante.es\/en\/#\/schema\/person\/7a1e11d9ebdc0662e18895ca0bccb568"},"breadcrumb":{"@id":"https:\/\/elparlante.es\/en\/participatory-and-social-interest-video\/#breadcrumb"},"inLanguage":"en-US","potentialAction":[{"@type":"ReadAction","target":["https:\/\/elparlante.es\/en\/participatory-and-social-interest-video\/"]}]},{"@type":"ImageObject","inLanguage":"en-US","@id":"https:\/\/elparlante.es\/en\/participatory-and-social-interest-video\/#primaryimage","url":"https:\/\/elparlante.es\/wp-content\/uploads\/2016\/10\/proyectos-elparlante-videos-interes-social-570x380-1.jpg","contentUrl":"https:\/\/elparlante.es\/wp-content\/uploads\/2016\/10\/proyectos-elparlante-videos-interes-social-570x380-1.jpg","width":570,"height":380},{"@type":"BreadcrumbList","@id":"https:\/\/elparlante.es\/en\/participatory-and-social-interest-video\/#breadcrumb","itemListElement":[{"@type":"ListItem","position":1,"name":"Portada","item":"https:\/\/elparlante.es\/en\/"},{"@type":"ListItem","position":2,"name":"PARTICIPATORY AND SOCIAL INTEREST VIDEO"}]},{"@type":"WebSite","@id":"https:\/\/elparlante.es\/en\/#website","url":"https:\/\/elparlante.es\/en\/","name":"elParlante","description":"ElParlante es una entidad de car\u00e1cter cultural, social y educativo, fundada en 2009. Entendemos la comunicaci\u00f3n como un proceso de di\u00e1logo constante, y utilizamos las tecnolog\u00edas audiovisuales como instrumentos de transformaci\u00f3n y cambio. Dise\u00f1amos, implementamos y evaluamos estrategias que vinculan la Educaci\u00f3n y la Comunicaci\u00f3n para la promoci\u00f3n de una ciudadan\u00eda m\u00e1s activa.","alternateName":"elParlante","potentialAction":[{"@type":"SearchAction","target":{"@type":"EntryPoint","urlTemplate":"https:\/\/elparlante.es\/en\/?s={search_term_string}"},"query-input":{"@type":"PropertyValueSpecification","valueRequired":true,"valueName":"search_term_string"}}],"inLanguage":"en-US"},{"@type":"Person","@id":"https:\/\/elparlante.es\/en\/#\/schema\/person\/7a1e11d9ebdc0662e18895ca0bccb568","name":"elParlante","image":{"@type":"ImageObject","inLanguage":"en-US","@id":"https:\/\/secure.gravatar.com\/avatar\/4d7d152cbe8c0a34203c3c862e5e0dcb4c426e2e6d438567fb8fb45bec080245?s=96&d=mm&r=g","url":"https:\/\/secure.gravatar.com\/avatar\/4d7d152cbe8c0a34203c3c862e5e0dcb4c426e2e6d438567fb8fb45bec080245?s=96&d=mm&r=g","contentUrl":"https:\/\/secure.gravatar.com\/avatar\/4d7d152cbe8c0a34203c3c862e5e0dcb4c426e2e6d438567fb8fb45bec080245?s=96&d=mm&r=g","caption":"elParlante"},"sameAs":["https:\/\/elparlante.es\/web"]}]}},"_links":{"self":[{"href":"https:\/\/elparlante.es\/en\/wp-json\/wp\/v2\/posts\/7102","targetHints":{"allow":["GET"]}}],"collection":[{"href":"https:\/\/elparlante.es\/en\/wp-json\/wp\/v2\/posts"}],"about":[{"href":"https:\/\/elparlante.es\/en\/wp-json\/wp\/v2\/types\/post"}],"author":[{"embeddable":true,"href":"https:\/\/elparlante.es\/en\/wp-json\/wp\/v2\/users\/1"}],"replies":[{"embeddable":true,"href":"https:\/\/elparlante.es\/en\/wp-json\/wp\/v2\/comments?post=7102"}],"version-history":[{"count":0,"href":"https:\/\/elparlante.es\/en\/wp-json\/wp\/v2\/posts\/7102\/revisions"}],"wp:featuredmedia":[{"embeddable":true,"href":"https:\/\/elparlante.es\/en\/wp-json\/wp\/v2\/media\/6871"}],"wp:attachment":[{"href":"https:\/\/elparlante.es\/en\/wp-json\/wp\/v2\/media?parent=7102"}],"wp:term":[{"taxonomy":"category","embeddable":true,"href":"https:\/\/elparlante.es\/en\/wp-json\/wp\/v2\/categories?post=7102"},{"taxonomy":"post_tag","embeddable":true,"href":"https:\/\/elparlante.es\/en\/wp-json\/wp\/v2\/tags?post=7102"}],"curies":[{"name":"wp","href":"https:\/\/api.w.org\/{rel}","templated":true}]}}