{"id":7128,"date":"2017-06-22T10:30:09","date_gmt":"2017-06-22T08:30:09","guid":{"rendered":"https:\/\/elparlante.es\/web\/the-experience-eso-no-vende\/"},"modified":"2017-06-22T10:30:09","modified_gmt":"2017-06-22T08:30:09","slug":"the-experience-eso-no-vende","status":"publish","type":"post","link":"https:\/\/elparlante.es\/en\/the-experience-eso-no-vende\/","title":{"rendered":"The experience: &#8220;Eso no vende&#8221;"},"content":{"rendered":"<p>What do <b>Reggaeton <\/b><span style=\"font-weight: 400;\">and <\/span><b>Normative Heterosexuality<\/b> have to do?<span style=\"font-weight: 400;\">? This is what we talk about in our last video  <\/span><b>Dismantling &#8220;This does not sell&#8221; (Eso no vende) <\/b><span style=\"font-weight: 400;\">that we carry out with <\/span><b>El Consell de Nois i Noies de L&#8217;Hospitalet<\/b><span style=\"font-weight: 400;\">. Raquel Rey, activist and director of documentaries with a gender perspective, is now in charge of the audiovisual area of  <\/span><b>elParlante<\/b><span style=\"font-weight: 400;\">. We talk to her to know the most interesting aspects of this new edition, without spoilers!<\/span><\/p>\n<p style=\"text-align: justify;\"><b>The<\/b><span style=\"font-weight: 400;\"> group decided that, before going in to work with us, it should first brainstorm <\/span><i><span style=\"font-weight: 400;\"><\/p>\n<p><\/span><\/i><span style=\"font-weight: 400;\">  to choose those clich\u00e9s with which they would want to deal with. This gave rise to the idea of dismantling gender stereotypes, a topic that appears increasingly strongly among groups of young people in the neighborhoods and areas where we usually work. In this case the objective was clear from the first workshop, its idea was to disarm the discourse on &#8220;the presunction of heterosexuality&#8221; in today&#8217;s society. For Raquel this was the ideal setting to share her experience and knowledge about the stereotypes that she herself has been working on and dismantling in her documentary stories. But, as usually happens, he found that, beyond theory and media debate, &#8220;they were more interested and interested in the story they wanted to tell.&#8221;<\/span><\/p>\n<p style=\"text-align: center;\"><iframe loading=\"lazy\" src=\"https:\/\/www.youtube.com\/embed\/M3wHOr1myug\" width=\"560\" height=\"315\" frameborder=\"0\" allowfullscreen=\"allowfullscreen\"><\/iframe><\/p>\n<p><b>Music.- <\/b><span style=\"font-weight: 400;\">When everyone decided that the argument should develop within a <\/span><b>heteronormative<\/b> universe<span style=\"font-weight: 400;\">  Some debates were generated around the hetero-patriarchal system founded on the objectification of women&#8217;s bodies and the reinforcement of masculinity. A part of the group believed that Reggaeton was the ideal context, since the imaginary of the  <\/span><i><span style=\"font-weight: 400;\">reggaetonero<\/span><\/i><span style=\"font-weight: 400;\">  It is that of a young, handsome, heterosexual man surrounded by many girls. The idea of the short story was precisely this: &#8220;to break with the stereotypes and taboos that exist about Latin music&#8221;, although in the group itself there were some people who claimed that Reggaeton is music &#8220;kills neurons&#8221;. These projects make us think and analyze what is our work as educators when we detect certain attitudes<\/span> <span style=\"font-weight: 400;\">that are emerging when it comes to making important decisions for the project.  <\/span><\/p>\n<p style=\"text-align: justify;\"><b>Protagonists.- <\/b><span style=\"font-weight: 400;\"> When the time came to choose who would be the <\/span><i><span style=\"font-weight: 400;\"> <\/span><\/p>\n<p><\/i><span style=\"font-weight: 400;\"> <\/span><i><span style=\"font-weight: 400;\"><\/p>\n<p><\/span><\/i><span style=\"font-weight: 400;\">  Protagonists of the short, the debates returned, since one of the scenes proposed by the group in the opening script was a kiss of liberation at the end of everything. At that moment, Rachel says, &#8220;something interesting happened the boys started asking who was kissing, and while the girls didn&#8217;t mind kissing each other, the boys were uncomfortable about the situation.&#8221; Is it essential to make narrative decisions at that moment, and the approach that was made, is it essential to kiss at the end for the plot to be understood? The answer was clear, it was not necessary and since from the beginning a story was planned with two boys and a reggeatoneros girl, so the casting was carried out. The competition was reinstated, Rachel recalls, &#8220;because the whole group voted for whoever they considered to do better (&#8230;) There was a moment I was pretty much re\u00f1ido because the role of the protagonist was 50\/50 between two girls.&#8221;<\/span><span style=\"font-weight: 400;\">  But, the result was submitted to a new vote, so with the casting finished it was only thrown into the adventure of recording.<\/span><\/p>\n<p><span style=\"font-weight: 400;\">It is already known that with five sessions and a short the impact on the group is not very great due to a matter of time, but we are sure that they will ruminate on the topic discussed. In the end, we are all traversed by a heteronomative system that punishes dissent and breaks with the norm is nothing more than trying to change the world, as Rachel says, even with a little shortness like &#8220;This doesn&#8217;t sell&#8221;.  <\/span><\/p>\n<p><span style=\"font-weight: 400;\">And remember, you can watch all our videos and receive notification from all the stars by subscribing to <\/span><a href=\"https:\/\/www.youtube.com\/user\/colectivoelparlante%20\"><br \/>\n  <span style=\"font-weight: 400;\">elParlante&#8217;s YouTube Channel<\/span><br \/>\n<\/a><span style=\"font-weight: 400;\">.<\/span><\/p>\n<p style=\"text-align: justify;\">\n","protected":false},"excerpt":{"rendered":"<p>What do Reggaeton and Normative Heterosexuality have to do?? This is what we talk about in our last video Dismantling &#8220;This does not sell&#8221; (Eso no vende) that we carry out with El Consell de Nois i Noies de L&#8217;Hospitalet. Raquel Rey, activist and director of documentaries with a gender perspective, is now in charge [&hellip;]<\/p>\n","protected":false},"author":1,"featured_media":0,"comment_status":"closed","ping_status":"closed","sticky":false,"template":"","format":"image","meta":{"_et_pb_use_builder":"","_et_pb_old_content":"","_et_gb_content_width":"","_monsterinsights_skip_tracking":false,"_monsterinsights_sitenote_active":false,"_monsterinsights_sitenote_note":"","_monsterinsights_sitenote_category":0,"footnotes":""},"categories":[767],"tags":[857,859,860,856,849,858],"class_list":["post-7128","post","type-post","status-publish","format-image","hentry","category-blog-es-en","tag-co-creation-en","tag-gender-expression-en","tag-heteronormativity","tag-lgbtphobic-bulllying","tag-reggeaton-en","tag-that-doesnt-sell-en","post_format-post-format-image"],"yoast_head":"<!-- This site is optimized with the Yoast SEO plugin v27.2 - https:\/\/yoast.com\/product\/yoast-seo-wordpress\/ -->\n<title>The experience: &quot;Eso no vende&quot;<\/title>\n<meta name=\"robots\" content=\"noindex, follow\" \/>\n<meta property=\"og:locale\" content=\"en_US\" \/>\n<meta property=\"og:type\" content=\"article\" \/>\n<meta property=\"og:title\" content=\"The experience: &quot;Eso no vende&quot;\" \/>\n<meta property=\"og:description\" content=\"What do Reggaeton and Normative Heterosexuality have to do?? This is what we talk about in our last video Dismantling &#8220;This does not sell&#8221; (Eso no vende) that we carry out with El Consell de Nois i Noies de L&#8217;Hospitalet. Raquel Rey, activist and director of documentaries with a gender perspective, is now in charge [&hellip;]\" \/>\n<meta property=\"og:url\" content=\"https:\/\/elparlante.es\/en\/the-experience-eso-no-vende\/\" \/>\n<meta property=\"og:site_name\" content=\"elParlante\" \/>\n<meta property=\"article:publisher\" content=\"https:\/\/www.facebook.com\/elParlante.es\" \/>\n<meta property=\"article:published_time\" content=\"2017-06-22T08:30:09+00:00\" \/>\n<meta property=\"og:image\" content=\"https:\/\/elparlante.es\/wp-content\/uploads\/2022\/12\/elparlante-header.png\" \/>\n\t<meta property=\"og:image:width\" content=\"162\" \/>\n\t<meta property=\"og:image:height\" content=\"140\" \/>\n\t<meta property=\"og:image:type\" content=\"image\/png\" \/>\n<meta name=\"author\" content=\"elParlante\" \/>\n<meta name=\"twitter:card\" content=\"summary_large_image\" \/>\n<meta name=\"twitter:creator\" content=\"@elParlanteBCN\" \/>\n<meta name=\"twitter:site\" content=\"@elParlanteBCN\" \/>\n<meta name=\"twitter:label1\" content=\"Written by\" \/>\n\t<meta name=\"twitter:data1\" content=\"elParlante\" \/>\n\t<meta name=\"twitter:label2\" content=\"Est. reading time\" \/>\n\t<meta name=\"twitter:data2\" content=\"3 minutes\" \/>\n<script type=\"application\/ld+json\" class=\"yoast-schema-graph\">{\"@context\":\"https:\/\/schema.org\",\"@graph\":[{\"@type\":\"Article\",\"@id\":\"https:\/\/elparlante.es\/en\/the-experience-eso-no-vende\/#article\",\"isPartOf\":{\"@id\":\"https:\/\/elparlante.es\/en\/the-experience-eso-no-vende\/\"},\"author\":{\"name\":\"elParlante\",\"@id\":\"https:\/\/elparlante.es\/en\/#\/schema\/person\/7a1e11d9ebdc0662e18895ca0bccb568\"},\"headline\":\"The experience: &#8220;Eso no vende&#8221;\",\"datePublished\":\"2017-06-22T08:30:09+00:00\",\"mainEntityOfPage\":{\"@id\":\"https:\/\/elparlante.es\/en\/the-experience-eso-no-vende\/\"},\"wordCount\":653,\"keywords\":[\"Co-creation\",\"Gender expression\",\"Heteronormativity\",\"LGBTphobic bulllying\",\"Reggeaton\",\"That doesn't sell\"],\"articleSection\":[\"Blog-es\"],\"inLanguage\":\"en-US\"},{\"@type\":\"WebPage\",\"@id\":\"https:\/\/elparlante.es\/en\/the-experience-eso-no-vende\/\",\"url\":\"https:\/\/elparlante.es\/en\/the-experience-eso-no-vende\/\",\"name\":\"The experience: \\\"Eso no vende\\\"\",\"isPartOf\":{\"@id\":\"https:\/\/elparlante.es\/en\/#website\"},\"datePublished\":\"2017-06-22T08:30:09+00:00\",\"author\":{\"@id\":\"https:\/\/elparlante.es\/en\/#\/schema\/person\/7a1e11d9ebdc0662e18895ca0bccb568\"},\"breadcrumb\":{\"@id\":\"https:\/\/elparlante.es\/en\/the-experience-eso-no-vende\/#breadcrumb\"},\"inLanguage\":\"en-US\",\"potentialAction\":[{\"@type\":\"ReadAction\",\"target\":[\"https:\/\/elparlante.es\/en\/the-experience-eso-no-vende\/\"]}]},{\"@type\":\"BreadcrumbList\",\"@id\":\"https:\/\/elparlante.es\/en\/the-experience-eso-no-vende\/#breadcrumb\",\"itemListElement\":[{\"@type\":\"ListItem\",\"position\":1,\"name\":\"Portada\",\"item\":\"https:\/\/elparlante.es\/en\/\"},{\"@type\":\"ListItem\",\"position\":2,\"name\":\"The experience: &#8220;Eso no vende&#8221;\"}]},{\"@type\":\"WebSite\",\"@id\":\"https:\/\/elparlante.es\/en\/#website\",\"url\":\"https:\/\/elparlante.es\/en\/\",\"name\":\"elParlante\",\"description\":\"ElParlante es una entidad de car\u00e1cter cultural, social y educativo, fundada en 2009. Entendemos la comunicaci\u00f3n como un proceso de di\u00e1logo constante, y utilizamos las tecnolog\u00edas audiovisuales como instrumentos de transformaci\u00f3n y cambio. Dise\u00f1amos, implementamos y evaluamos estrategias que vinculan la Educaci\u00f3n y la Comunicaci\u00f3n para la promoci\u00f3n de una ciudadan\u00eda m\u00e1s activa.\",\"alternateName\":\"elParlante\",\"potentialAction\":[{\"@type\":\"SearchAction\",\"target\":{\"@type\":\"EntryPoint\",\"urlTemplate\":\"https:\/\/elparlante.es\/en\/?s={search_term_string}\"},\"query-input\":{\"@type\":\"PropertyValueSpecification\",\"valueRequired\":true,\"valueName\":\"search_term_string\"}}],\"inLanguage\":\"en-US\"},{\"@type\":\"Person\",\"@id\":\"https:\/\/elparlante.es\/en\/#\/schema\/person\/7a1e11d9ebdc0662e18895ca0bccb568\",\"name\":\"elParlante\",\"image\":{\"@type\":\"ImageObject\",\"inLanguage\":\"en-US\",\"@id\":\"https:\/\/secure.gravatar.com\/avatar\/4d7d152cbe8c0a34203c3c862e5e0dcb4c426e2e6d438567fb8fb45bec080245?s=96&d=mm&r=g\",\"url\":\"https:\/\/secure.gravatar.com\/avatar\/4d7d152cbe8c0a34203c3c862e5e0dcb4c426e2e6d438567fb8fb45bec080245?s=96&d=mm&r=g\",\"contentUrl\":\"https:\/\/secure.gravatar.com\/avatar\/4d7d152cbe8c0a34203c3c862e5e0dcb4c426e2e6d438567fb8fb45bec080245?s=96&d=mm&r=g\",\"caption\":\"elParlante\"},\"sameAs\":[\"https:\/\/elparlante.es\/web\"]}]}<\/script>\n<!-- \/ Yoast SEO plugin. -->","yoast_head_json":{"title":"The experience: \"Eso no vende\"","robots":{"index":"noindex","follow":"follow"},"og_locale":"en_US","og_type":"article","og_title":"The experience: \"Eso no vende\"","og_description":"What do Reggaeton and Normative Heterosexuality have to do?? This is what we talk about in our last video Dismantling &#8220;This does not sell&#8221; (Eso no vende) that we carry out with El Consell de Nois i Noies de L&#8217;Hospitalet. Raquel Rey, activist and director of documentaries with a gender perspective, is now in charge [&hellip;]","og_url":"https:\/\/elparlante.es\/en\/the-experience-eso-no-vende\/","og_site_name":"elParlante","article_publisher":"https:\/\/www.facebook.com\/elParlante.es","article_published_time":"2017-06-22T08:30:09+00:00","og_image":[{"width":162,"height":140,"url":"https:\/\/elparlante.es\/wp-content\/uploads\/2022\/12\/elparlante-header.png","type":"image\/png"}],"author":"elParlante","twitter_card":"summary_large_image","twitter_creator":"@elParlanteBCN","twitter_site":"@elParlanteBCN","twitter_misc":{"Written by":"elParlante","Est. reading time":"3 minutes"},"schema":{"@context":"https:\/\/schema.org","@graph":[{"@type":"Article","@id":"https:\/\/elparlante.es\/en\/the-experience-eso-no-vende\/#article","isPartOf":{"@id":"https:\/\/elparlante.es\/en\/the-experience-eso-no-vende\/"},"author":{"name":"elParlante","@id":"https:\/\/elparlante.es\/en\/#\/schema\/person\/7a1e11d9ebdc0662e18895ca0bccb568"},"headline":"The experience: &#8220;Eso no vende&#8221;","datePublished":"2017-06-22T08:30:09+00:00","mainEntityOfPage":{"@id":"https:\/\/elparlante.es\/en\/the-experience-eso-no-vende\/"},"wordCount":653,"keywords":["Co-creation","Gender expression","Heteronormativity","LGBTphobic bulllying","Reggeaton","That doesn't sell"],"articleSection":["Blog-es"],"inLanguage":"en-US"},{"@type":"WebPage","@id":"https:\/\/elparlante.es\/en\/the-experience-eso-no-vende\/","url":"https:\/\/elparlante.es\/en\/the-experience-eso-no-vende\/","name":"The experience: \"Eso no vende\"","isPartOf":{"@id":"https:\/\/elparlante.es\/en\/#website"},"datePublished":"2017-06-22T08:30:09+00:00","author":{"@id":"https:\/\/elparlante.es\/en\/#\/schema\/person\/7a1e11d9ebdc0662e18895ca0bccb568"},"breadcrumb":{"@id":"https:\/\/elparlante.es\/en\/the-experience-eso-no-vende\/#breadcrumb"},"inLanguage":"en-US","potentialAction":[{"@type":"ReadAction","target":["https:\/\/elparlante.es\/en\/the-experience-eso-no-vende\/"]}]},{"@type":"BreadcrumbList","@id":"https:\/\/elparlante.es\/en\/the-experience-eso-no-vende\/#breadcrumb","itemListElement":[{"@type":"ListItem","position":1,"name":"Portada","item":"https:\/\/elparlante.es\/en\/"},{"@type":"ListItem","position":2,"name":"The experience: &#8220;Eso no vende&#8221;"}]},{"@type":"WebSite","@id":"https:\/\/elparlante.es\/en\/#website","url":"https:\/\/elparlante.es\/en\/","name":"elParlante","description":"ElParlante es una entidad de car\u00e1cter cultural, social y educativo, fundada en 2009. Entendemos la comunicaci\u00f3n como un proceso de di\u00e1logo constante, y utilizamos las tecnolog\u00edas audiovisuales como instrumentos de transformaci\u00f3n y cambio. Dise\u00f1amos, implementamos y evaluamos estrategias que vinculan la Educaci\u00f3n y la Comunicaci\u00f3n para la promoci\u00f3n de una ciudadan\u00eda m\u00e1s activa.","alternateName":"elParlante","potentialAction":[{"@type":"SearchAction","target":{"@type":"EntryPoint","urlTemplate":"https:\/\/elparlante.es\/en\/?s={search_term_string}"},"query-input":{"@type":"PropertyValueSpecification","valueRequired":true,"valueName":"search_term_string"}}],"inLanguage":"en-US"},{"@type":"Person","@id":"https:\/\/elparlante.es\/en\/#\/schema\/person\/7a1e11d9ebdc0662e18895ca0bccb568","name":"elParlante","image":{"@type":"ImageObject","inLanguage":"en-US","@id":"https:\/\/secure.gravatar.com\/avatar\/4d7d152cbe8c0a34203c3c862e5e0dcb4c426e2e6d438567fb8fb45bec080245?s=96&d=mm&r=g","url":"https:\/\/secure.gravatar.com\/avatar\/4d7d152cbe8c0a34203c3c862e5e0dcb4c426e2e6d438567fb8fb45bec080245?s=96&d=mm&r=g","contentUrl":"https:\/\/secure.gravatar.com\/avatar\/4d7d152cbe8c0a34203c3c862e5e0dcb4c426e2e6d438567fb8fb45bec080245?s=96&d=mm&r=g","caption":"elParlante"},"sameAs":["https:\/\/elparlante.es\/web"]}]}},"_links":{"self":[{"href":"https:\/\/elparlante.es\/en\/wp-json\/wp\/v2\/posts\/7128","targetHints":{"allow":["GET"]}}],"collection":[{"href":"https:\/\/elparlante.es\/en\/wp-json\/wp\/v2\/posts"}],"about":[{"href":"https:\/\/elparlante.es\/en\/wp-json\/wp\/v2\/types\/post"}],"author":[{"embeddable":true,"href":"https:\/\/elparlante.es\/en\/wp-json\/wp\/v2\/users\/1"}],"replies":[{"embeddable":true,"href":"https:\/\/elparlante.es\/en\/wp-json\/wp\/v2\/comments?post=7128"}],"version-history":[{"count":0,"href":"https:\/\/elparlante.es\/en\/wp-json\/wp\/v2\/posts\/7128\/revisions"}],"wp:attachment":[{"href":"https:\/\/elparlante.es\/en\/wp-json\/wp\/v2\/media?parent=7128"}],"wp:term":[{"taxonomy":"category","embeddable":true,"href":"https:\/\/elparlante.es\/en\/wp-json\/wp\/v2\/categories?post=7128"},{"taxonomy":"post_tag","embeddable":true,"href":"https:\/\/elparlante.es\/en\/wp-json\/wp\/v2\/tags?post=7128"}],"curies":[{"name":"wp","href":"https:\/\/api.w.org\/{rel}","templated":true}]}}