{"id":7253,"date":"2022-04-09T16:36:18","date_gmt":"2022-04-09T14:36:18","guid":{"rendered":"https:\/\/elparlante.es\/web\/elparlante-suma-al-proyecto-smooth-con-la-colaboracion-de-la-universidad-pompeu-fabra-2\/"},"modified":"2024-04-26T10:18:31","modified_gmt":"2024-04-26T08:18:31","slug":"elparlante-suma-al-proyecto-smooth-con-la-colaboracion-de-la-universidad-pompeu-fabra-2","status":"publish","type":"post","link":"https:\/\/elparlante.es\/es\/elparlante-suma-al-proyecto-smooth-con-la-colaboracion-de-la-universidad-pompeu-fabra-2\/","title":{"rendered":"elParlante suma al proyecto Smooth con la colaboraci\u00f3n de la Universidad Pompeu Fabra"},"content":{"rendered":"\n<p><strong>SMOOTH <\/strong>(Educational Common Spaces. Passing through enclosures and reversing inequalities) es un proyecto liderado por la Universidad de Tesalia (Grecia) que se desarrollar\u00e1 durante tres a\u00f1os (2021-2024). El proyecto implica la participaci\u00f3n de unas 50 instituciones educativas que se involucrar\u00e1n en casos de estudio dise\u00f1ados para descubrir si los <em>educational commons<\/em> pueden operar como catalizadores para revertir las desigualdades.<\/p>\n\n<div style=\"height:50px\" aria-hidden=\"true\" class=\"wp-block-spacer\"><\/div>\n\n<div class=\"wp-block-columns is-layout-flex wp-container-core-columns-is-layout-9d6595d7 wp-block-columns-is-layout-flex\">\n<div class=\"wp-block-column is-layout-flow wp-block-column-is-layout-flow\">\n<figure class=\"wp-block-image size-large\"><img decoding=\"async\" src=\"https:\/\/elparlante.es\/wp-content\/uploads\/2022\/03\/Smooth_1-800x600.jpg\" alt=\"\" class=\"wp-image-5773\"\/><\/figure>\n<\/div>\n\n\n\n<div class=\"wp-block-column is-layout-flow wp-block-column-is-layout-flow\">\n<figure class=\"wp-block-image size-large\"><img decoding=\"async\" src=\"https:\/\/elparlante.es\/wp-content\/uploads\/2022\/03\/Smooth_2-800x600.jpg\" alt=\"\" class=\"wp-image-5774\"\/><\/figure>\n<\/div>\n\n\n\n<div class=\"wp-block-column is-layout-flow wp-block-column-is-layout-flow\">\n<figure class=\"wp-block-image size-large\"><img decoding=\"async\" src=\"https:\/\/elparlante.es\/wp-content\/uploads\/2022\/03\/Smooth_3-800x600.jpg\" alt=\"\" class=\"wp-image-5775\"\/><\/figure>\n<\/div>\n<\/div>\n\n<p>elParlante suma a la participaci\u00f3n con <a href=\"https:\/\/sincronitzat.elparlante.es\/es\/inicio\/\">Sincronitza&#8217;t<\/a>, conjuntamente con la Universidad Pompeu Fabra, un proyecto para la cocreaci\u00f3n y la participaci\u00f3n, que apoy\u00e1ndose en las metodolog\u00edas del v\u00eddeo participativo, las tecnolog\u00edas de la informaci\u00f3n y comunicaci\u00f3n y el teatro social, pretenden favorecer la vinculaci\u00f3n, el empoderamiento y el sentido de pertenencia de adolescentes reci\u00e9n llegados, o en proceso de arraigo, a su nuevo entorno,  contribuyendo a la trayectoria educativa y personal.<\/p>\n\n<p>Durante varias formaciones, hemos estado con la Asociaci\u00f3n Educativa Integral del Raval y el equipo de la UPF para intercambiar y compartir experiencias y perspectivas sobre la educaci\u00f3n y la comunicaci\u00f3n.<\/p>\n\n<div style=\"height:50px\" aria-hidden=\"true\" class=\"wp-block-spacer\"><\/div>\n\n<figure class=\"wp-block-embed is-type-video is-provider-youtube wp-block-embed-youtube wp-embed-aspect-16-9 wp-has-aspect-ratio\"><div class=\"wp-block-embed__wrapper\">\n<iframe loading=\"lazy\" title=\"&quot;Importants&quot; | SINCRONITZA&#039;T 2021\" width=\"1080\" height=\"608\" src=\"https:\/\/www.youtube.com\/embed\/hYIdDpGU2Ds?feature=oembed\" frameborder=\"0\" allow=\"accelerometer; autoplay; clipboard-write; encrypted-media; gyroscope; picture-in-picture; web-share\" allowfullscreen><\/iframe>\n<\/div><figcaption><em>Resultado del v\u00eddeo participativo de Sincroniza&#8217;t 2021<\/em><\/figcaption><\/figure>\n\n<p><\/p>\n\n<p>El objetivo es poder aplicar los <em>educational commons<\/em> a la nueva edici\u00f3n de Sincroniza&#8217;t en el aula de acogida del Instituto Vall d&#8217;Hebron. De este modo, crear un espacio de ciudadan\u00eda democr\u00e1tica y experimentaci\u00f3n de nuevas formas de pensar y hacer con base en la igualdad, la colaboraci\u00f3n, la creatividad y el hecho de compartir entre todas para fortalecer el di\u00e1logo intercultural, intergeneracional y la integraci\u00f3n social.<\/p>\n\n<div style=\"height:100px\" aria-hidden=\"true\" class=\"wp-block-spacer\"><\/div>\n\n<div class=\"wp-block-columns is-layout-flex wp-container-core-columns-is-layout-9d6595d7 wp-block-columns-is-layout-flex\">\n<div class=\"wp-block-column is-layout-flow wp-block-column-is-layout-flow\">\n<div class=\"wp-block-image is-style-default\"><figure class=\"aligncenter size-medium is-resized\"><a href=\"https:\/\/elparlante.es\/ca\/\"><img loading=\"lazy\" decoding=\"async\" src=\"https:\/\/elparlante.es\/wp-content\/uploads\/2022\/03\/elParlante-Logo-1-300x275.png\" alt=\"\" class=\"wp-image-5767\" width=\"90\" height=\"90\"\/><\/a><\/figure><\/div>\n<\/div>\n\n\n\n<div class=\"wp-block-column is-layout-flow wp-block-column-is-layout-flow\">\n<div class=\"wp-block-image\"><figure class=\"aligncenter size-medium is-resized\"><img loading=\"lazy\" decoding=\"async\" src=\"https:\/\/elparlante.es\/wp-content\/uploads\/2022\/03\/smooth-logo-transparent-1-1-300x64.png\" alt=\"\" class=\"wp-image-5765\" width=\"225\" height=\"48\"\/><\/figure><\/div>\n<\/div>\n\n\n\n<div class=\"wp-block-column is-layout-flow wp-block-column-is-layout-flow\">\n<div class=\"wp-block-image\"><figure class=\"aligncenter size-medium is-resized\"><a href=\"https:\/\/www.upf.edu\/inici\"><img loading=\"lazy\" decoding=\"async\" src=\"https:\/\/elparlante.es\/wp-content\/uploads\/2022\/03\/upf_0-300x111.jpg\" alt=\"\" class=\"wp-image-5772\" width=\"225\" height=\"83\"\/><\/a><\/figure><\/div>\n<\/div>\n<\/div>\n","protected":false},"excerpt":{"rendered":"<p>elParlante suma a la participaci\u00f3n con Sincronitza&#8217;t, conjuntamente con la Universidad Pompeu Fabra, un proyecto para la cocreaci\u00f3n y la participaci\u00f3n, que apoy\u00e1ndose en las metodolog\u00edas del v\u00eddeo participativo, las tecnolog\u00edas de la informaci\u00f3n y comunicaci\u00f3n y el teatro social, pretenden favorecer la vinculaci\u00f3n, el empoderamiento y el sentido de pertenencia de adolescentes reci\u00e9n llegados, o en proceso de arraigo,  a su nuevo entorno, contribuyendo a la trayectoria educativa y personal.<\/p>\n","protected":false},"author":1,"featured_media":7255,"comment_status":"closed","ping_status":"closed","sticky":false,"template":"","format":"standard","meta":{"_et_pb_use_builder":"on","_et_pb_old_content":"","_et_gb_content_width":"","_monsterinsights_skip_tracking":false,"_monsterinsights_sitenote_active":false,"_monsterinsights_sitenote_note":"","_monsterinsights_sitenote_category":0,"footnotes":""},"categories":[765],"tags":[784,802,790,804],"class_list":["post-7253","post","type-post","status-publish","format-standard","has-post-thumbnail","hentry","category-blog-es-es","tag-barcelona-es-2","tag-elparlante-es-2","tag-jovenes-es","tag-jovenes-es-2"],"yoast_head":"<!-- This site is optimized with the Yoast SEO plugin v27.2 - https:\/\/yoast.com\/product\/yoast-seo-wordpress\/ -->\n<title>elParlante suma al proyecto Smooth con la colaboraci\u00f3n de la Universidad Pompeu Fabra<\/title>\n<meta name=\"robots\" content=\"noindex, follow\" \/>\n<meta property=\"og:locale\" content=\"es_ES\" \/>\n<meta property=\"og:type\" content=\"article\" \/>\n<meta property=\"og:title\" content=\"elParlante suma al proyecto Smooth con la colaboraci\u00f3n de la Universidad Pompeu Fabra\" \/>\n<meta property=\"og:description\" content=\"elParlante suma a la participaci\u00f3n con Sincronitza&#039;t, conjuntamente con la Universidad Pompeu Fabra, un proyecto para la cocreaci\u00f3n y la participaci\u00f3n, que apoy\u00e1ndose en las metodolog\u00edas del v\u00eddeo participativo, las tecnolog\u00edas de la informaci\u00f3n y comunicaci\u00f3n y el teatro social, pretenden favorecer la vinculaci\u00f3n, el empoderamiento y el sentido de pertenencia de adolescentes reci\u00e9n llegados, o en proceso de arraigo, a su nuevo entorno, contribuyendo a la trayectoria educativa y personal.\" \/>\n<meta property=\"og:url\" content=\"https:\/\/elparlante.es\/es\/elparlante-suma-al-proyecto-smooth-con-la-colaboracion-de-la-universidad-pompeu-fabra-2\/\" \/>\n<meta property=\"og:site_name\" content=\"elParlante\" \/>\n<meta property=\"article:publisher\" content=\"https:\/\/www.facebook.com\/elParlante.es\" \/>\n<meta property=\"article:published_time\" content=\"2022-04-09T14:36:18+00:00\" \/>\n<meta property=\"article:modified_time\" content=\"2024-04-26T08:18:31+00:00\" \/>\n<meta property=\"og:image\" content=\"https:\/\/elparlante.es\/wp-content\/uploads\/2022\/12\/elparlante-header.png\" \/>\n\t<meta property=\"og:image:width\" content=\"162\" \/>\n\t<meta property=\"og:image:height\" content=\"140\" \/>\n\t<meta property=\"og:image:type\" content=\"image\/png\" \/>\n<meta name=\"author\" content=\"elParlante\" \/>\n<meta name=\"twitter:card\" content=\"summary_large_image\" \/>\n<meta name=\"twitter:creator\" content=\"@elParlanteBCN\" \/>\n<meta name=\"twitter:site\" content=\"@elParlanteBCN\" \/>\n<meta name=\"twitter:label1\" content=\"Escrito por\" \/>\n\t<meta name=\"twitter:data1\" content=\"elParlante\" \/>\n\t<meta name=\"twitter:label2\" content=\"Tiempo de lectura\" \/>\n\t<meta name=\"twitter:data2\" content=\"1 minuto\" \/>\n<script type=\"application\/ld+json\" class=\"yoast-schema-graph\">{\"@context\":\"https:\/\/schema.org\",\"@graph\":[{\"@type\":\"Article\",\"@id\":\"https:\/\/elparlante.es\/es\/elparlante-suma-al-proyecto-smooth-con-la-colaboracion-de-la-universidad-pompeu-fabra-2\/#article\",\"isPartOf\":{\"@id\":\"https:\/\/elparlante.es\/es\/elparlante-suma-al-proyecto-smooth-con-la-colaboracion-de-la-universidad-pompeu-fabra-2\/\"},\"author\":{\"name\":\"elParlante\",\"@id\":\"https:\/\/elparlante.es\/es\/#\/schema\/person\/7a1e11d9ebdc0662e18895ca0bccb568\"},\"headline\":\"elParlante suma al proyecto Smooth con la colaboraci\u00f3n de la Universidad Pompeu Fabra\",\"datePublished\":\"2022-04-09T14:36:18+00:00\",\"dateModified\":\"2024-04-26T08:18:31+00:00\",\"mainEntityOfPage\":{\"@id\":\"https:\/\/elparlante.es\/es\/elparlante-suma-al-proyecto-smooth-con-la-colaboracion-de-la-universidad-pompeu-fabra-2\/\"},\"wordCount\":282,\"image\":{\"@id\":\"https:\/\/elparlante.es\/es\/elparlante-suma-al-proyecto-smooth-con-la-colaboracion-de-la-universidad-pompeu-fabra-2\/#primaryimage\"},\"thumbnailUrl\":\"\",\"keywords\":[\"Barcelona\",\"elparlante\",\"Jovenes\",\"Jovenes\"],\"articleSection\":[\"Blog-es\"],\"inLanguage\":\"es\"},{\"@type\":\"WebPage\",\"@id\":\"https:\/\/elparlante.es\/es\/elparlante-suma-al-proyecto-smooth-con-la-colaboracion-de-la-universidad-pompeu-fabra-2\/\",\"url\":\"https:\/\/elparlante.es\/es\/elparlante-suma-al-proyecto-smooth-con-la-colaboracion-de-la-universidad-pompeu-fabra-2\/\",\"name\":\"elParlante suma al proyecto Smooth con la colaboraci\u00f3n de la Universidad Pompeu Fabra\",\"isPartOf\":{\"@id\":\"https:\/\/elparlante.es\/es\/#website\"},\"primaryImageOfPage\":{\"@id\":\"https:\/\/elparlante.es\/es\/elparlante-suma-al-proyecto-smooth-con-la-colaboracion-de-la-universidad-pompeu-fabra-2\/#primaryimage\"},\"image\":{\"@id\":\"https:\/\/elparlante.es\/es\/elparlante-suma-al-proyecto-smooth-con-la-colaboracion-de-la-universidad-pompeu-fabra-2\/#primaryimage\"},\"thumbnailUrl\":\"\",\"datePublished\":\"2022-04-09T14:36:18+00:00\",\"dateModified\":\"2024-04-26T08:18:31+00:00\",\"author\":{\"@id\":\"https:\/\/elparlante.es\/es\/#\/schema\/person\/7a1e11d9ebdc0662e18895ca0bccb568\"},\"breadcrumb\":{\"@id\":\"https:\/\/elparlante.es\/es\/elparlante-suma-al-proyecto-smooth-con-la-colaboracion-de-la-universidad-pompeu-fabra-2\/#breadcrumb\"},\"inLanguage\":\"es\",\"potentialAction\":[{\"@type\":\"ReadAction\",\"target\":[\"https:\/\/elparlante.es\/es\/elparlante-suma-al-proyecto-smooth-con-la-colaboracion-de-la-universidad-pompeu-fabra-2\/\"]}]},{\"@type\":\"ImageObject\",\"inLanguage\":\"es\",\"@id\":\"https:\/\/elparlante.es\/es\/elparlante-suma-al-proyecto-smooth-con-la-colaboracion-de-la-universidad-pompeu-fabra-2\/#primaryimage\",\"url\":\"\",\"contentUrl\":\"\"},{\"@type\":\"BreadcrumbList\",\"@id\":\"https:\/\/elparlante.es\/es\/elparlante-suma-al-proyecto-smooth-con-la-colaboracion-de-la-universidad-pompeu-fabra-2\/#breadcrumb\",\"itemListElement\":[{\"@type\":\"ListItem\",\"position\":1,\"name\":\"Portada\",\"item\":\"https:\/\/elparlante.es\/es\/\"},{\"@type\":\"ListItem\",\"position\":2,\"name\":\"elParlante suma al proyecto Smooth con la colaboraci\u00f3n de la Universidad Pompeu Fabra\"}]},{\"@type\":\"WebSite\",\"@id\":\"https:\/\/elparlante.es\/es\/#website\",\"url\":\"https:\/\/elparlante.es\/es\/\",\"name\":\"elParlante\",\"description\":\"ElParlante es una entidad de car\u00e1cter cultural, social y educativo, fundada en 2009. Entendemos la comunicaci\u00f3n como un proceso de di\u00e1logo constante, y utilizamos las tecnolog\u00edas audiovisuales como instrumentos de transformaci\u00f3n y cambio. Dise\u00f1amos, implementamos y evaluamos estrategias que vinculan la Educaci\u00f3n y la Comunicaci\u00f3n para la promoci\u00f3n de una ciudadan\u00eda m\u00e1s activa.\",\"alternateName\":\"elParlante\",\"potentialAction\":[{\"@type\":\"SearchAction\",\"target\":{\"@type\":\"EntryPoint\",\"urlTemplate\":\"https:\/\/elparlante.es\/es\/?s={search_term_string}\"},\"query-input\":{\"@type\":\"PropertyValueSpecification\",\"valueRequired\":true,\"valueName\":\"search_term_string\"}}],\"inLanguage\":\"es\"},{\"@type\":\"Person\",\"@id\":\"https:\/\/elparlante.es\/es\/#\/schema\/person\/7a1e11d9ebdc0662e18895ca0bccb568\",\"name\":\"elParlante\",\"image\":{\"@type\":\"ImageObject\",\"inLanguage\":\"es\",\"@id\":\"https:\/\/secure.gravatar.com\/avatar\/4d7d152cbe8c0a34203c3c862e5e0dcb4c426e2e6d438567fb8fb45bec080245?s=96&d=mm&r=g\",\"url\":\"https:\/\/secure.gravatar.com\/avatar\/4d7d152cbe8c0a34203c3c862e5e0dcb4c426e2e6d438567fb8fb45bec080245?s=96&d=mm&r=g\",\"contentUrl\":\"https:\/\/secure.gravatar.com\/avatar\/4d7d152cbe8c0a34203c3c862e5e0dcb4c426e2e6d438567fb8fb45bec080245?s=96&d=mm&r=g\",\"caption\":\"elParlante\"},\"sameAs\":[\"https:\/\/elparlante.es\/web\"]}]}<\/script>\n<!-- \/ Yoast SEO plugin. -->","yoast_head_json":{"title":"elParlante suma al proyecto Smooth con la colaboraci\u00f3n de la Universidad Pompeu Fabra","robots":{"index":"noindex","follow":"follow"},"og_locale":"es_ES","og_type":"article","og_title":"elParlante suma al proyecto Smooth con la colaboraci\u00f3n de la Universidad Pompeu Fabra","og_description":"elParlante suma a la participaci\u00f3n con Sincronitza't, conjuntamente con la Universidad Pompeu Fabra, un proyecto para la cocreaci\u00f3n y la participaci\u00f3n, que apoy\u00e1ndose en las metodolog\u00edas del v\u00eddeo participativo, las tecnolog\u00edas de la informaci\u00f3n y comunicaci\u00f3n y el teatro social, pretenden favorecer la vinculaci\u00f3n, el empoderamiento y el sentido de pertenencia de adolescentes reci\u00e9n llegados, o en proceso de arraigo, a su nuevo entorno, contribuyendo a la trayectoria educativa y personal.","og_url":"https:\/\/elparlante.es\/es\/elparlante-suma-al-proyecto-smooth-con-la-colaboracion-de-la-universidad-pompeu-fabra-2\/","og_site_name":"elParlante","article_publisher":"https:\/\/www.facebook.com\/elParlante.es","article_published_time":"2022-04-09T14:36:18+00:00","article_modified_time":"2024-04-26T08:18:31+00:00","og_image":[{"width":162,"height":140,"url":"https:\/\/elparlante.es\/wp-content\/uploads\/2022\/12\/elparlante-header.png","type":"image\/png"}],"author":"elParlante","twitter_card":"summary_large_image","twitter_creator":"@elParlanteBCN","twitter_site":"@elParlanteBCN","twitter_misc":{"Escrito por":"elParlante","Tiempo de lectura":"1 minuto"},"schema":{"@context":"https:\/\/schema.org","@graph":[{"@type":"Article","@id":"https:\/\/elparlante.es\/es\/elparlante-suma-al-proyecto-smooth-con-la-colaboracion-de-la-universidad-pompeu-fabra-2\/#article","isPartOf":{"@id":"https:\/\/elparlante.es\/es\/elparlante-suma-al-proyecto-smooth-con-la-colaboracion-de-la-universidad-pompeu-fabra-2\/"},"author":{"name":"elParlante","@id":"https:\/\/elparlante.es\/es\/#\/schema\/person\/7a1e11d9ebdc0662e18895ca0bccb568"},"headline":"elParlante suma al proyecto Smooth con la colaboraci\u00f3n de la Universidad Pompeu Fabra","datePublished":"2022-04-09T14:36:18+00:00","dateModified":"2024-04-26T08:18:31+00:00","mainEntityOfPage":{"@id":"https:\/\/elparlante.es\/es\/elparlante-suma-al-proyecto-smooth-con-la-colaboracion-de-la-universidad-pompeu-fabra-2\/"},"wordCount":282,"image":{"@id":"https:\/\/elparlante.es\/es\/elparlante-suma-al-proyecto-smooth-con-la-colaboracion-de-la-universidad-pompeu-fabra-2\/#primaryimage"},"thumbnailUrl":"","keywords":["Barcelona","elparlante","Jovenes","Jovenes"],"articleSection":["Blog-es"],"inLanguage":"es"},{"@type":"WebPage","@id":"https:\/\/elparlante.es\/es\/elparlante-suma-al-proyecto-smooth-con-la-colaboracion-de-la-universidad-pompeu-fabra-2\/","url":"https:\/\/elparlante.es\/es\/elparlante-suma-al-proyecto-smooth-con-la-colaboracion-de-la-universidad-pompeu-fabra-2\/","name":"elParlante suma al proyecto Smooth con la colaboraci\u00f3n de la Universidad Pompeu Fabra","isPartOf":{"@id":"https:\/\/elparlante.es\/es\/#website"},"primaryImageOfPage":{"@id":"https:\/\/elparlante.es\/es\/elparlante-suma-al-proyecto-smooth-con-la-colaboracion-de-la-universidad-pompeu-fabra-2\/#primaryimage"},"image":{"@id":"https:\/\/elparlante.es\/es\/elparlante-suma-al-proyecto-smooth-con-la-colaboracion-de-la-universidad-pompeu-fabra-2\/#primaryimage"},"thumbnailUrl":"","datePublished":"2022-04-09T14:36:18+00:00","dateModified":"2024-04-26T08:18:31+00:00","author":{"@id":"https:\/\/elparlante.es\/es\/#\/schema\/person\/7a1e11d9ebdc0662e18895ca0bccb568"},"breadcrumb":{"@id":"https:\/\/elparlante.es\/es\/elparlante-suma-al-proyecto-smooth-con-la-colaboracion-de-la-universidad-pompeu-fabra-2\/#breadcrumb"},"inLanguage":"es","potentialAction":[{"@type":"ReadAction","target":["https:\/\/elparlante.es\/es\/elparlante-suma-al-proyecto-smooth-con-la-colaboracion-de-la-universidad-pompeu-fabra-2\/"]}]},{"@type":"ImageObject","inLanguage":"es","@id":"https:\/\/elparlante.es\/es\/elparlante-suma-al-proyecto-smooth-con-la-colaboracion-de-la-universidad-pompeu-fabra-2\/#primaryimage","url":"","contentUrl":""},{"@type":"BreadcrumbList","@id":"https:\/\/elparlante.es\/es\/elparlante-suma-al-proyecto-smooth-con-la-colaboracion-de-la-universidad-pompeu-fabra-2\/#breadcrumb","itemListElement":[{"@type":"ListItem","position":1,"name":"Portada","item":"https:\/\/elparlante.es\/es\/"},{"@type":"ListItem","position":2,"name":"elParlante suma al proyecto Smooth con la colaboraci\u00f3n de la Universidad Pompeu Fabra"}]},{"@type":"WebSite","@id":"https:\/\/elparlante.es\/es\/#website","url":"https:\/\/elparlante.es\/es\/","name":"elParlante","description":"ElParlante es una entidad de car\u00e1cter cultural, social y educativo, fundada en 2009. Entendemos la comunicaci\u00f3n como un proceso de di\u00e1logo constante, y utilizamos las tecnolog\u00edas audiovisuales como instrumentos de transformaci\u00f3n y cambio. Dise\u00f1amos, implementamos y evaluamos estrategias que vinculan la Educaci\u00f3n y la Comunicaci\u00f3n para la promoci\u00f3n de una ciudadan\u00eda m\u00e1s activa.","alternateName":"elParlante","potentialAction":[{"@type":"SearchAction","target":{"@type":"EntryPoint","urlTemplate":"https:\/\/elparlante.es\/es\/?s={search_term_string}"},"query-input":{"@type":"PropertyValueSpecification","valueRequired":true,"valueName":"search_term_string"}}],"inLanguage":"es"},{"@type":"Person","@id":"https:\/\/elparlante.es\/es\/#\/schema\/person\/7a1e11d9ebdc0662e18895ca0bccb568","name":"elParlante","image":{"@type":"ImageObject","inLanguage":"es","@id":"https:\/\/secure.gravatar.com\/avatar\/4d7d152cbe8c0a34203c3c862e5e0dcb4c426e2e6d438567fb8fb45bec080245?s=96&d=mm&r=g","url":"https:\/\/secure.gravatar.com\/avatar\/4d7d152cbe8c0a34203c3c862e5e0dcb4c426e2e6d438567fb8fb45bec080245?s=96&d=mm&r=g","contentUrl":"https:\/\/secure.gravatar.com\/avatar\/4d7d152cbe8c0a34203c3c862e5e0dcb4c426e2e6d438567fb8fb45bec080245?s=96&d=mm&r=g","caption":"elParlante"},"sameAs":["https:\/\/elparlante.es\/web"]}]}},"_links":{"self":[{"href":"https:\/\/elparlante.es\/es\/wp-json\/wp\/v2\/posts\/7253","targetHints":{"allow":["GET"]}}],"collection":[{"href":"https:\/\/elparlante.es\/es\/wp-json\/wp\/v2\/posts"}],"about":[{"href":"https:\/\/elparlante.es\/es\/wp-json\/wp\/v2\/types\/post"}],"author":[{"embeddable":true,"href":"https:\/\/elparlante.es\/es\/wp-json\/wp\/v2\/users\/1"}],"replies":[{"embeddable":true,"href":"https:\/\/elparlante.es\/es\/wp-json\/wp\/v2\/comments?post=7253"}],"version-history":[{"count":1,"href":"https:\/\/elparlante.es\/es\/wp-json\/wp\/v2\/posts\/7253\/revisions"}],"predecessor-version":[{"id":7257,"href":"https:\/\/elparlante.es\/es\/wp-json\/wp\/v2\/posts\/7253\/revisions\/7257"}],"wp:featuredmedia":[{"embeddable":true,"href":"https:\/\/elparlante.es\/es\/wp-json\/"}],"wp:attachment":[{"href":"https:\/\/elparlante.es\/es\/wp-json\/wp\/v2\/media?parent=7253"}],"wp:term":[{"taxonomy":"category","embeddable":true,"href":"https:\/\/elparlante.es\/es\/wp-json\/wp\/v2\/categories?post=7253"},{"taxonomy":"post_tag","embeddable":true,"href":"https:\/\/elparlante.es\/es\/wp-json\/wp\/v2\/tags?post=7253"}],"curies":[{"name":"wp","href":"https:\/\/api.w.org\/{rel}","templated":true}]}}