{"id":7263,"date":"2022-01-04T17:19:32","date_gmt":"2022-01-04T16:19:32","guid":{"rendered":"https:\/\/elparlante.es\/web\/ponganse-en-mis-zapatos\/"},"modified":"2024-04-26T10:18:31","modified_gmt":"2024-04-26T08:18:31","slug":"ponganse-en-mis-zapatos","status":"publish","type":"post","link":"https:\/\/elparlante.es\/es\/ponganse-en-mis-zapatos\/","title":{"rendered":"P\u00f3nganse en mis zapatos"},"content":{"rendered":"\n<ul class=\"wp-block-list\"><li>PUBLICADO POR <strong>Alfredo Cohen Montoya<\/strong><\/li><\/ul>\n\n<figure class=\"wp-block-image size-full\"><img decoding=\"async\" src=\"https:\/\/elparlante.es\/wp-content\/uploads\/2022\/01\/La-buseta-de-la-dignidad.-Imagen-de-Yre-Thinks-para-EL-COMEJEN.jpg\" alt=\"\" class=\"wp-image-5717\"\/><figcaption><em>La buseta de la dignidad. Imagen de Ire Think<\/em><\/figcaption><\/figure>\n\n<p>En 1993 la selecci\u00f3n colombiana de f\u00fatbol jugaba contra la argentina y Faustino Asprilla, uno de mis \u00eddolos, recorr\u00eda el campo por el costado derecho como una gacela intentando sacarse de encima a todos los rivales para finalmente caer desparramado sobre el c\u00e9sped.<\/p>\n\n<p>\u2013\u00bb<em>\u00a1Hijueputa&#8230; \u00a1Negro ten\u00edas que ser!<\/em>\u00bb &#8211; le gritaba entonces yo, sin una pisca de verg\u00fcenza.<\/p>\n\n<p>En esta cuarta columna para <em>EL COMEJ\u00c9N<\/em> quiero hablar sobre racismo; pues con <strong>\n  <em>elParlante <\/em>\n<\/strong>llevo m\u00e1s de 10 a\u00f1os haciendo talleres en institutos donde la diversidad cultural es residual, y por tanto los j\u00f3venes tienen cientos de prejuicios y estereotipos sobre las personas migradas. Cuando estoy en esas clases les cuento mi historia personal para explicar la de otros que, como yo, han venido a vivir a Barcelona con la intenci\u00f3n de tener una vida mejor.<\/p>\n\n<p>Hace tiempo entend\u00ed que es imposible que estos chicos y chicas se pongan en mis zapatos. Nunca, por m\u00e1s sensibles que sean, por m\u00e1s que lo intenten, tendr\u00e1n las pesadillas que he tenido yo esta semana. Ninguno sentir\u00e1 en sus carnes la sensaci\u00f3n de tener a la familia y los amigos en peligro, a 8.000 kil\u00f3metros de distancia. No lograr\u00e9 que sientan la frustraci\u00f3n y la tristeza que me invade al ver que Colombia se sigue asesinando a s\u00ed misma, en un c\u00edrculo vicioso interminable de odio y destrucci\u00f3n.<\/p>\n\n<p>Esta semana, el \u00fanico pa\u00eds por el que sufro en un mundial de f\u00fatbol se me revent\u00f3 en la cara. Ayer, viendo en el cine \u00ab<em>El olvido que seremos<\/em>\u00bb volv\u00ed a llorar. Nadie podr\u00e1 ponerse en mis zapatos. Ni mis contactos de Facebook, ni mis amigos catalanes, ni mi familia, ni mi pareja, ni los adolescentes de Sarri\u00e0.<\/p>\n\n<p>El dolor ajeno no puede sentirse como propio, cada dolor es particular, inalienable, intransferible y por eso deber\u00eda ser respetado, sin juicios, sin ataques. Marshall Rosenberg se\u00f1ala que la comunicaci\u00f3n, si es emp\u00e1tica, si no es violenta, tiene la capacidad de observar, de escuchar, de atender las emociones del otro y de acompa\u00f1arlas. Entender las emociones como respuestas a profundas necesidades es lo \u00fanico que puede ayudarnos a empatizar con los dem\u00e1s.<\/p>\n\n<p>Comprender no es sentir, pero es mejor que nada. Si no juzgo el dolor del otro puedo entender la rabia de Sandra, una vieja amiga de mi Facebook, a quien le destruyeron su peluquer\u00eda unos j\u00f3venes cabreados durante las protestas. El negocio que hab\u00eda construido con esfuerzo durante los \u00faltimos 10 a\u00f1os, como yo. As\u00ed mismo, aunque est\u00e9 muy equivocada, puedo entender el miedo de Marcela, la cajera del banco que sent\u00eda que lo que estaban destruyendo unos encapuchados era suyo tambi\u00e9n. Me cuesta, me duele, me parece absurdo, pero con esfuerzo, puedo entender que una peque\u00f1a parte del pa\u00eds tenga miedo a perder sus pocos o muchos privilegios, porque pasa tambi\u00e9n en sociedades menos desiguales, como en la que vivo.<\/p>\n\n<p>Pero, as\u00ed como puedo entender a Sandra y a Paola, puedo hacerlo muy especialmente con los cientos de miles de j\u00f3venes y adultos que han salido a los parques, las plazas y las calles a pesar del Covid-19. Puedo entender perfectamente a los campesinos y los ind\u00edgenas que, hartos de pasar hambre y recibir violencias durante siglos, han bloqueado las carreteras y han tumbado las estatuas de los colonizadores europeos.<\/p>\n\n<p>\u00bfC\u00f3mo no entender que los marginados de siempre se cansen alg\u00fan d\u00eda? Puedo entender perfectamente que una juventud sin nada que perder est\u00e9 dispuesta a llevar la protesta hasta sus \u00faltimas consecuencias.<\/p>\n\n<p>Sin embargo, no puedo entender que la polic\u00eda le dispare al pueblo como no puedo entender a quien da esa orden. No puedo ni siquiera imaginar el dolor de las madres que han perdido a sus hijos en estas manifestaciones y en las interminables guerras colombianas. Quienes pierden a sus padres se llaman hu\u00e9rfanos, quienes pierden a sus hijos no tienen nombre.<\/p>\n\n<p>Me niego a aceptar que una vida valga lo mismo que una oficina, un carro, un celular, pero entiendo que la violencia es una triste forma de expresar el dolor. El dolor de los colombianos es el producto de interminables necesidades no resueltas por un Estado que se ha opuesto a que la mayor\u00eda tenga oportunidades por complacer a muy pocos.<\/p>\n\n<p>Para transformar el pa\u00eds va a ser necesario perder el miedo. Pero no solo a salir a la calle a expresar nuestro dolor, si no tambi\u00e9n a escuchar el del otro, a acogerlo, a comprenderlo, a entender de donde viene para intentar sentirlo como propio, aunque nunca lo logremos. Construir la paz es muy dif\u00edcil, pero construir la guerra, siempre es peor.<\/p>\n\n<p>Faustino \u00abEl Tino\u00bb Asprilla se levant\u00f3 del suelo como si me hubiese escuchado, se sac\u00f3 de en medio a dos o tres argentinos y clav\u00f3 la pelota en el \u00e1ngulo derecho de Goycochea. Lo grave no era que yo, un ni\u00f1o de 9 a\u00f1os buscara afecto y admiraci\u00f3n, lo doloroso es que los adultos a mi lado celebraran con aplausos y carcajadas, aquella racista y clasista manera de hacerse hombre, del peque\u00f1o Alfred Trump.<\/p>\n\n<p><em><em>\n  <em>Texto publicado originalmente en<\/em>\n<\/em> <strong>\n  <a href=\"https:\/\/elcomejen.com\/\">EL COMEJ\u00c9N<\/a>\n<\/strong>.<\/em><\/p>\n","protected":false},"excerpt":{"rendered":"<p>Me niego a aceptar que una vida valga lo mismo que una oficina, un carro, un celular, pero entiendo que la violencia es una triste forma de expresar el dolor.<\/p>\n","protected":false},"author":1,"featured_media":0,"comment_status":"closed","ping_status":"closed","sticky":false,"template":"","format":"standard","meta":{"_et_pb_use_builder":"","_et_pb_old_content":"","_et_gb_content_width":"","_monsterinsights_skip_tracking":false,"_monsterinsights_sitenote_active":false,"_monsterinsights_sitenote_note":"","_monsterinsights_sitenote_category":0,"footnotes":""},"categories":[765],"tags":[],"class_list":["post-7263","post","type-post","status-publish","format-standard","hentry","category-blog-es-es"],"yoast_head":"<!-- This site is optimized with the Yoast SEO plugin v27.2 - https:\/\/yoast.com\/product\/yoast-seo-wordpress\/ -->\n<title>P\u00f3nganse en mis zapatos<\/title>\n<meta name=\"robots\" content=\"noindex, follow\" \/>\n<meta property=\"og:locale\" content=\"es_ES\" \/>\n<meta property=\"og:type\" content=\"article\" \/>\n<meta property=\"og:title\" content=\"P\u00f3nganse en mis zapatos\" \/>\n<meta property=\"og:description\" content=\"Me niego a aceptar que una vida valga lo mismo que una oficina, un carro, un celular, pero entiendo que la violencia es una triste forma de expresar el dolor.\" \/>\n<meta property=\"og:url\" content=\"https:\/\/elparlante.es\/es\/ponganse-en-mis-zapatos\/\" \/>\n<meta property=\"og:site_name\" content=\"elParlante\" \/>\n<meta property=\"article:publisher\" content=\"https:\/\/www.facebook.com\/elParlante.es\" \/>\n<meta property=\"article:published_time\" content=\"2022-01-04T16:19:32+00:00\" \/>\n<meta property=\"article:modified_time\" content=\"2024-04-26T08:18:31+00:00\" \/>\n<meta property=\"og:image\" content=\"https:\/\/elparlante.es\/wp-content\/uploads\/2022\/01\/La-buseta-de-la-dignidad.-Imagen-de-Yre-Thinks-para-EL-COMEJEN.jpg\" \/>\n<meta name=\"author\" content=\"elParlante\" \/>\n<meta name=\"twitter:card\" content=\"summary_large_image\" \/>\n<meta name=\"twitter:creator\" content=\"@elParlanteBCN\" \/>\n<meta name=\"twitter:site\" content=\"@elParlanteBCN\" \/>\n<meta name=\"twitter:label1\" content=\"Escrito por\" \/>\n\t<meta name=\"twitter:data1\" content=\"elParlante\" \/>\n\t<meta name=\"twitter:label2\" content=\"Tiempo de lectura\" \/>\n\t<meta name=\"twitter:data2\" content=\"5 minutos\" \/>\n<script type=\"application\/ld+json\" class=\"yoast-schema-graph\">{\"@context\":\"https:\/\/schema.org\",\"@graph\":[{\"@type\":\"Article\",\"@id\":\"https:\/\/elparlante.es\/es\/ponganse-en-mis-zapatos\/#article\",\"isPartOf\":{\"@id\":\"https:\/\/elparlante.es\/es\/ponganse-en-mis-zapatos\/\"},\"author\":{\"name\":\"elParlante\",\"@id\":\"https:\/\/elparlante.es\/es\/#\/schema\/person\/7a1e11d9ebdc0662e18895ca0bccb568\"},\"headline\":\"P\u00f3nganse en mis zapatos\",\"datePublished\":\"2022-01-04T16:19:32+00:00\",\"dateModified\":\"2024-04-26T08:18:31+00:00\",\"mainEntityOfPage\":{\"@id\":\"https:\/\/elparlante.es\/es\/ponganse-en-mis-zapatos\/\"},\"wordCount\":907,\"image\":{\"@id\":\"https:\/\/elparlante.es\/es\/ponganse-en-mis-zapatos\/#primaryimage\"},\"thumbnailUrl\":\"https:\/\/elparlante.es\/wp-content\/uploads\/2022\/01\/La-buseta-de-la-dignidad.-Imagen-de-Yre-Thinks-para-EL-COMEJEN.jpg\",\"articleSection\":[\"Blog-es\"],\"inLanguage\":\"es\"},{\"@type\":\"WebPage\",\"@id\":\"https:\/\/elparlante.es\/es\/ponganse-en-mis-zapatos\/\",\"url\":\"https:\/\/elparlante.es\/es\/ponganse-en-mis-zapatos\/\",\"name\":\"P\u00f3nganse en mis zapatos\",\"isPartOf\":{\"@id\":\"https:\/\/elparlante.es\/es\/#website\"},\"primaryImageOfPage\":{\"@id\":\"https:\/\/elparlante.es\/es\/ponganse-en-mis-zapatos\/#primaryimage\"},\"image\":{\"@id\":\"https:\/\/elparlante.es\/es\/ponganse-en-mis-zapatos\/#primaryimage\"},\"thumbnailUrl\":\"https:\/\/elparlante.es\/wp-content\/uploads\/2022\/01\/La-buseta-de-la-dignidad.-Imagen-de-Yre-Thinks-para-EL-COMEJEN.jpg\",\"datePublished\":\"2022-01-04T16:19:32+00:00\",\"dateModified\":\"2024-04-26T08:18:31+00:00\",\"author\":{\"@id\":\"https:\/\/elparlante.es\/es\/#\/schema\/person\/7a1e11d9ebdc0662e18895ca0bccb568\"},\"breadcrumb\":{\"@id\":\"https:\/\/elparlante.es\/es\/ponganse-en-mis-zapatos\/#breadcrumb\"},\"inLanguage\":\"es\",\"potentialAction\":[{\"@type\":\"ReadAction\",\"target\":[\"https:\/\/elparlante.es\/es\/ponganse-en-mis-zapatos\/\"]}]},{\"@type\":\"ImageObject\",\"inLanguage\":\"es\",\"@id\":\"https:\/\/elparlante.es\/es\/ponganse-en-mis-zapatos\/#primaryimage\",\"url\":\"https:\/\/elparlante.es\/wp-content\/uploads\/2022\/01\/La-buseta-de-la-dignidad.-Imagen-de-Yre-Thinks-para-EL-COMEJEN.jpg\",\"contentUrl\":\"https:\/\/elparlante.es\/wp-content\/uploads\/2022\/01\/La-buseta-de-la-dignidad.-Imagen-de-Yre-Thinks-para-EL-COMEJEN.jpg\"},{\"@type\":\"BreadcrumbList\",\"@id\":\"https:\/\/elparlante.es\/es\/ponganse-en-mis-zapatos\/#breadcrumb\",\"itemListElement\":[{\"@type\":\"ListItem\",\"position\":1,\"name\":\"Portada\",\"item\":\"https:\/\/elparlante.es\/es\/\"},{\"@type\":\"ListItem\",\"position\":2,\"name\":\"P\u00f3nganse en mis zapatos\"}]},{\"@type\":\"WebSite\",\"@id\":\"https:\/\/elparlante.es\/es\/#website\",\"url\":\"https:\/\/elparlante.es\/es\/\",\"name\":\"elParlante\",\"description\":\"ElParlante es una entidad de car\u00e1cter cultural, social y educativo, fundada en 2009. Entendemos la comunicaci\u00f3n como un proceso de di\u00e1logo constante, y utilizamos las tecnolog\u00edas audiovisuales como instrumentos de transformaci\u00f3n y cambio. Dise\u00f1amos, implementamos y evaluamos estrategias que vinculan la Educaci\u00f3n y la Comunicaci\u00f3n para la promoci\u00f3n de una ciudadan\u00eda m\u00e1s activa.\",\"alternateName\":\"elParlante\",\"potentialAction\":[{\"@type\":\"SearchAction\",\"target\":{\"@type\":\"EntryPoint\",\"urlTemplate\":\"https:\/\/elparlante.es\/es\/?s={search_term_string}\"},\"query-input\":{\"@type\":\"PropertyValueSpecification\",\"valueRequired\":true,\"valueName\":\"search_term_string\"}}],\"inLanguage\":\"es\"},{\"@type\":\"Person\",\"@id\":\"https:\/\/elparlante.es\/es\/#\/schema\/person\/7a1e11d9ebdc0662e18895ca0bccb568\",\"name\":\"elParlante\",\"image\":{\"@type\":\"ImageObject\",\"inLanguage\":\"es\",\"@id\":\"https:\/\/secure.gravatar.com\/avatar\/4d7d152cbe8c0a34203c3c862e5e0dcb4c426e2e6d438567fb8fb45bec080245?s=96&d=mm&r=g\",\"url\":\"https:\/\/secure.gravatar.com\/avatar\/4d7d152cbe8c0a34203c3c862e5e0dcb4c426e2e6d438567fb8fb45bec080245?s=96&d=mm&r=g\",\"contentUrl\":\"https:\/\/secure.gravatar.com\/avatar\/4d7d152cbe8c0a34203c3c862e5e0dcb4c426e2e6d438567fb8fb45bec080245?s=96&d=mm&r=g\",\"caption\":\"elParlante\"},\"sameAs\":[\"https:\/\/elparlante.es\/web\"]}]}<\/script>\n<!-- \/ Yoast SEO plugin. -->","yoast_head_json":{"title":"P\u00f3nganse en mis zapatos","robots":{"index":"noindex","follow":"follow"},"og_locale":"es_ES","og_type":"article","og_title":"P\u00f3nganse en mis zapatos","og_description":"Me niego a aceptar que una vida valga lo mismo que una oficina, un carro, un celular, pero entiendo que la violencia es una triste forma de expresar el dolor.","og_url":"https:\/\/elparlante.es\/es\/ponganse-en-mis-zapatos\/","og_site_name":"elParlante","article_publisher":"https:\/\/www.facebook.com\/elParlante.es","article_published_time":"2022-01-04T16:19:32+00:00","article_modified_time":"2024-04-26T08:18:31+00:00","og_image":[{"url":"https:\/\/elparlante.es\/wp-content\/uploads\/2022\/01\/La-buseta-de-la-dignidad.-Imagen-de-Yre-Thinks-para-EL-COMEJEN.jpg","type":"","width":"","height":""}],"author":"elParlante","twitter_card":"summary_large_image","twitter_creator":"@elParlanteBCN","twitter_site":"@elParlanteBCN","twitter_misc":{"Escrito por":"elParlante","Tiempo de lectura":"5 minutos"},"schema":{"@context":"https:\/\/schema.org","@graph":[{"@type":"Article","@id":"https:\/\/elparlante.es\/es\/ponganse-en-mis-zapatos\/#article","isPartOf":{"@id":"https:\/\/elparlante.es\/es\/ponganse-en-mis-zapatos\/"},"author":{"name":"elParlante","@id":"https:\/\/elparlante.es\/es\/#\/schema\/person\/7a1e11d9ebdc0662e18895ca0bccb568"},"headline":"P\u00f3nganse en mis zapatos","datePublished":"2022-01-04T16:19:32+00:00","dateModified":"2024-04-26T08:18:31+00:00","mainEntityOfPage":{"@id":"https:\/\/elparlante.es\/es\/ponganse-en-mis-zapatos\/"},"wordCount":907,"image":{"@id":"https:\/\/elparlante.es\/es\/ponganse-en-mis-zapatos\/#primaryimage"},"thumbnailUrl":"https:\/\/elparlante.es\/wp-content\/uploads\/2022\/01\/La-buseta-de-la-dignidad.-Imagen-de-Yre-Thinks-para-EL-COMEJEN.jpg","articleSection":["Blog-es"],"inLanguage":"es"},{"@type":"WebPage","@id":"https:\/\/elparlante.es\/es\/ponganse-en-mis-zapatos\/","url":"https:\/\/elparlante.es\/es\/ponganse-en-mis-zapatos\/","name":"P\u00f3nganse en mis zapatos","isPartOf":{"@id":"https:\/\/elparlante.es\/es\/#website"},"primaryImageOfPage":{"@id":"https:\/\/elparlante.es\/es\/ponganse-en-mis-zapatos\/#primaryimage"},"image":{"@id":"https:\/\/elparlante.es\/es\/ponganse-en-mis-zapatos\/#primaryimage"},"thumbnailUrl":"https:\/\/elparlante.es\/wp-content\/uploads\/2022\/01\/La-buseta-de-la-dignidad.-Imagen-de-Yre-Thinks-para-EL-COMEJEN.jpg","datePublished":"2022-01-04T16:19:32+00:00","dateModified":"2024-04-26T08:18:31+00:00","author":{"@id":"https:\/\/elparlante.es\/es\/#\/schema\/person\/7a1e11d9ebdc0662e18895ca0bccb568"},"breadcrumb":{"@id":"https:\/\/elparlante.es\/es\/ponganse-en-mis-zapatos\/#breadcrumb"},"inLanguage":"es","potentialAction":[{"@type":"ReadAction","target":["https:\/\/elparlante.es\/es\/ponganse-en-mis-zapatos\/"]}]},{"@type":"ImageObject","inLanguage":"es","@id":"https:\/\/elparlante.es\/es\/ponganse-en-mis-zapatos\/#primaryimage","url":"https:\/\/elparlante.es\/wp-content\/uploads\/2022\/01\/La-buseta-de-la-dignidad.-Imagen-de-Yre-Thinks-para-EL-COMEJEN.jpg","contentUrl":"https:\/\/elparlante.es\/wp-content\/uploads\/2022\/01\/La-buseta-de-la-dignidad.-Imagen-de-Yre-Thinks-para-EL-COMEJEN.jpg"},{"@type":"BreadcrumbList","@id":"https:\/\/elparlante.es\/es\/ponganse-en-mis-zapatos\/#breadcrumb","itemListElement":[{"@type":"ListItem","position":1,"name":"Portada","item":"https:\/\/elparlante.es\/es\/"},{"@type":"ListItem","position":2,"name":"P\u00f3nganse en mis zapatos"}]},{"@type":"WebSite","@id":"https:\/\/elparlante.es\/es\/#website","url":"https:\/\/elparlante.es\/es\/","name":"elParlante","description":"ElParlante es una entidad de car\u00e1cter cultural, social y educativo, fundada en 2009. Entendemos la comunicaci\u00f3n como un proceso de di\u00e1logo constante, y utilizamos las tecnolog\u00edas audiovisuales como instrumentos de transformaci\u00f3n y cambio. Dise\u00f1amos, implementamos y evaluamos estrategias que vinculan la Educaci\u00f3n y la Comunicaci\u00f3n para la promoci\u00f3n de una ciudadan\u00eda m\u00e1s activa.","alternateName":"elParlante","potentialAction":[{"@type":"SearchAction","target":{"@type":"EntryPoint","urlTemplate":"https:\/\/elparlante.es\/es\/?s={search_term_string}"},"query-input":{"@type":"PropertyValueSpecification","valueRequired":true,"valueName":"search_term_string"}}],"inLanguage":"es"},{"@type":"Person","@id":"https:\/\/elparlante.es\/es\/#\/schema\/person\/7a1e11d9ebdc0662e18895ca0bccb568","name":"elParlante","image":{"@type":"ImageObject","inLanguage":"es","@id":"https:\/\/secure.gravatar.com\/avatar\/4d7d152cbe8c0a34203c3c862e5e0dcb4c426e2e6d438567fb8fb45bec080245?s=96&d=mm&r=g","url":"https:\/\/secure.gravatar.com\/avatar\/4d7d152cbe8c0a34203c3c862e5e0dcb4c426e2e6d438567fb8fb45bec080245?s=96&d=mm&r=g","contentUrl":"https:\/\/secure.gravatar.com\/avatar\/4d7d152cbe8c0a34203c3c862e5e0dcb4c426e2e6d438567fb8fb45bec080245?s=96&d=mm&r=g","caption":"elParlante"},"sameAs":["https:\/\/elparlante.es\/web"]}]}},"_links":{"self":[{"href":"https:\/\/elparlante.es\/es\/wp-json\/wp\/v2\/posts\/7263","targetHints":{"allow":["GET"]}}],"collection":[{"href":"https:\/\/elparlante.es\/es\/wp-json\/wp\/v2\/posts"}],"about":[{"href":"https:\/\/elparlante.es\/es\/wp-json\/wp\/v2\/types\/post"}],"author":[{"embeddable":true,"href":"https:\/\/elparlante.es\/es\/wp-json\/wp\/v2\/users\/1"}],"replies":[{"embeddable":true,"href":"https:\/\/elparlante.es\/es\/wp-json\/wp\/v2\/comments?post=7263"}],"version-history":[{"count":1,"href":"https:\/\/elparlante.es\/es\/wp-json\/wp\/v2\/posts\/7263\/revisions"}],"predecessor-version":[{"id":7268,"href":"https:\/\/elparlante.es\/es\/wp-json\/wp\/v2\/posts\/7263\/revisions\/7268"}],"wp:attachment":[{"href":"https:\/\/elparlante.es\/es\/wp-json\/wp\/v2\/media?parent=7263"}],"wp:term":[{"taxonomy":"category","embeddable":true,"href":"https:\/\/elparlante.es\/es\/wp-json\/wp\/v2\/categories?post=7263"},{"taxonomy":"post_tag","embeddable":true,"href":"https:\/\/elparlante.es\/es\/wp-json\/wp\/v2\/tags?post=7263"}],"curies":[{"name":"wp","href":"https:\/\/api.w.org\/{rel}","templated":true}]}}