{"id":8742,"date":"2025-05-09T10:35:40","date_gmt":"2025-05-09T08:35:40","guid":{"rendered":"https:\/\/elparlante.es\/proyecto-human-jovenes-y-podcasts\/"},"modified":"2025-05-09T10:35:40","modified_gmt":"2025-05-09T08:35:40","slug":"proyecto-human-jovenes-y-podcasts","status":"publish","type":"post","link":"https:\/\/elparlante.es\/es\/proyecto-human-jovenes-y-podcasts\/","title":{"rendered":"Proyecto HUMAN- J\u00f3venes y podcasts"},"content":{"rendered":"<p>Amanda, Lua, Martina y Aran, alumnos del Instituto Quatre Cantons, participan en el proyecto europeo <a href=\"https:\/\/humanactivists.eu\/\">HUMAN<\/a> . En Espa\u00f1a, este proyecto est\u00e1 coordinado por <a href=\"https:\/\/rinova.es\/\">Rinova<\/a> , en colaboraci\u00f3n con la <a href=\"https:\/\/elparlante.es\/\">Asociaci\u00f3n Cultural elParlante<\/a> . <\/p>\n<p>Desde elParlante hemos acompa\u00f1ado las cuatro sesiones de trabajo con estas j\u00f3venes participantes. El objetivo era crear 10 piezas sonoras cortas para redes sociales, pensadas para desmontar los discursos de odio para con las personas de or\u00edgenes culturales diversos. Y as\u00ed prevenir el racismo y promover la diversidad.  <\/p>\n<p>Durante estas sesiones, han aprendido t\u00e9cnicas para locutar correctamente frente al micr\u00f3fono y han descubierto el potencial del lenguaje sonoro como herramienta de transformaci\u00f3n social. Tambi\u00e9n han tenido la oportunidad de definir, desde una mirada personal, qu\u00e9 es el discurso de odio y reflexionar sobre si las redes sociales ayudan a reforzarlo o combatirlo. <\/p>\n<p>Han sido cuatro encuentros llenos de aprendizaje, reflexiones y creatividad. Una experiencia que ahora podr\u00e1n compartir con otros j\u00f3venes de varios pa\u00edses de Europa. Muy pronto conocer\u00e1n a estudiantes de otros contextos con los que intercambiar\u00e1n ideas, vivencias y estrategias para hacer frente a los discursos de odio que circulan por todas partes, especialmente a trav\u00e9s de las redes sociales.  <\/p>\n<p><a href=\"https:\/\/elparlante.es\/wp-content\/uploads\/2025\/05\/IMG_8878-scaled.jpg\"><img loading=\"lazy\" decoding=\"async\" class=\"alignnone wp-image-8730 \" src=\"https:\/\/elparlante.es\/wp-content\/uploads\/2025\/05\/IMG_8878-scaled.jpg\" alt=\"\" width=\"414\" height=\"311\">  <\/a><a href=\"https:\/\/elparlante.es\/wp-content\/uploads\/2025\/05\/IMG_8555-scaled.jpg\"><img loading=\"lazy\" decoding=\"async\" class=\"wp-image-8727 alignnone\" src=\"https:\/\/elparlante.es\/wp-content\/uploads\/2025\/05\/IMG_8555-scaled.jpg\" alt=\"\" width=\"415\" height=\"311\">  <\/a><\/p>\n","protected":false},"excerpt":{"rendered":"<p>Amanda, Lua, Martina y Aran, alumnos del Instituto Quatre Cantons, participan en el proyecto europeo HUMAN . En Espa\u00f1a, este proyecto est\u00e1 coordinado por Rinova , en colaboraci\u00f3n con la Asociaci\u00f3n Cultural elParlante . Desde elParlante hemos acompa\u00f1ado las cuatro sesiones de trabajo con estas j\u00f3venes participantes. El objetivo era crear 10 piezas sonoras cortas [&hellip;]<\/p>\n","protected":false},"author":1,"featured_media":8685,"comment_status":"closed","ping_status":"closed","sticky":false,"template":"","format":"standard","meta":{"_et_pb_use_builder":"","_et_pb_old_content":"","_et_gb_content_width":"","_monsterinsights_skip_tracking":false,"_monsterinsights_sitenote_active":false,"_monsterinsights_sitenote_note":"","_monsterinsights_sitenote_category":0,"footnotes":""},"categories":[764],"tags":[1158,1159,1160],"class_list":["post-8742","post","type-post","status-publish","format-standard","has-post-thumbnail","hentry","category-blog-ca-es","tag-activismo-juvenil","tag-humano","tag-proyecto-europeo"],"yoast_head":"<!-- This site is optimized with the Yoast SEO plugin v27.2 - https:\/\/yoast.com\/product\/yoast-seo-wordpress\/ -->\n<title>Proyecto HUMAN- J\u00f3venes y podcasts<\/title>\n<meta name=\"robots\" content=\"noindex, follow\" \/>\n<meta property=\"og:locale\" content=\"es_ES\" \/>\n<meta property=\"og:type\" content=\"article\" \/>\n<meta property=\"og:title\" content=\"Proyecto HUMAN- J\u00f3venes y podcasts\" \/>\n<meta property=\"og:description\" content=\"Amanda, Lua, Martina y Aran, alumnos del Instituto Quatre Cantons, participan en el proyecto europeo HUMAN . En Espa\u00f1a, este proyecto est\u00e1 coordinado por Rinova , en colaboraci\u00f3n con la Asociaci\u00f3n Cultural elParlante . Desde elParlante hemos acompa\u00f1ado las cuatro sesiones de trabajo con estas j\u00f3venes participantes. El objetivo era crear 10 piezas sonoras cortas [&hellip;]\" \/>\n<meta property=\"og:url\" content=\"https:\/\/elparlante.es\/es\/proyecto-human-jovenes-y-podcasts\/\" \/>\n<meta property=\"og:site_name\" content=\"elParlante\" \/>\n<meta property=\"article:publisher\" content=\"https:\/\/www.facebook.com\/elParlante.es\" \/>\n<meta property=\"article:published_time\" content=\"2025-05-09T08:35:40+00:00\" \/>\n<meta property=\"og:image\" content=\"https:\/\/elparlante.es\/wp-content\/uploads\/2025\/05\/IMG_8878-scaled.jpg\" \/>\n\t<meta property=\"og:image:width\" content=\"2560\" \/>\n\t<meta property=\"og:image:height\" content=\"1920\" \/>\n\t<meta property=\"og:image:type\" content=\"image\/jpeg\" \/>\n<meta name=\"author\" content=\"elParlante\" \/>\n<meta name=\"twitter:card\" content=\"summary_large_image\" \/>\n<meta name=\"twitter:creator\" content=\"@elParlanteBCN\" \/>\n<meta name=\"twitter:site\" content=\"@elParlanteBCN\" \/>\n<meta name=\"twitter:label1\" content=\"Escrito por\" \/>\n\t<meta name=\"twitter:data1\" content=\"elParlante\" \/>\n\t<meta name=\"twitter:label2\" content=\"Tiempo de lectura\" \/>\n\t<meta name=\"twitter:data2\" content=\"1 minuto\" \/>\n<script type=\"application\/ld+json\" class=\"yoast-schema-graph\">{\"@context\":\"https:\/\/schema.org\",\"@graph\":[{\"@type\":\"Article\",\"@id\":\"https:\/\/elparlante.es\/es\/proyecto-human-jovenes-y-podcasts\/#article\",\"isPartOf\":{\"@id\":\"https:\/\/elparlante.es\/es\/proyecto-human-jovenes-y-podcasts\/\"},\"author\":{\"name\":\"elParlante\",\"@id\":\"https:\/\/elparlante.es\/es\/#\/schema\/person\/7a1e11d9ebdc0662e18895ca0bccb568\"},\"headline\":\"Proyecto HUMAN- J\u00f3venes y podcasts\",\"datePublished\":\"2025-05-09T08:35:40+00:00\",\"mainEntityOfPage\":{\"@id\":\"https:\/\/elparlante.es\/es\/proyecto-human-jovenes-y-podcasts\/\"},\"wordCount\":214,\"image\":{\"@id\":\"https:\/\/elparlante.es\/es\/proyecto-human-jovenes-y-podcasts\/#primaryimage\"},\"thumbnailUrl\":\"https:\/\/elparlante.es\/wp-content\/uploads\/2025\/03\/IMG_8107_-scaled.jpg\",\"keywords\":[\"activismo juvenil\",\"humano\",\"proyecto europeo\"],\"articleSection\":[\"Blog-ca\"],\"inLanguage\":\"es\"},{\"@type\":\"WebPage\",\"@id\":\"https:\/\/elparlante.es\/es\/proyecto-human-jovenes-y-podcasts\/\",\"url\":\"https:\/\/elparlante.es\/es\/proyecto-human-jovenes-y-podcasts\/\",\"name\":\"Proyecto HUMAN- J\u00f3venes y podcasts\",\"isPartOf\":{\"@id\":\"https:\/\/elparlante.es\/es\/#website\"},\"primaryImageOfPage\":{\"@id\":\"https:\/\/elparlante.es\/es\/proyecto-human-jovenes-y-podcasts\/#primaryimage\"},\"image\":{\"@id\":\"https:\/\/elparlante.es\/es\/proyecto-human-jovenes-y-podcasts\/#primaryimage\"},\"thumbnailUrl\":\"https:\/\/elparlante.es\/wp-content\/uploads\/2025\/03\/IMG_8107_-scaled.jpg\",\"datePublished\":\"2025-05-09T08:35:40+00:00\",\"author\":{\"@id\":\"https:\/\/elparlante.es\/es\/#\/schema\/person\/7a1e11d9ebdc0662e18895ca0bccb568\"},\"breadcrumb\":{\"@id\":\"https:\/\/elparlante.es\/es\/proyecto-human-jovenes-y-podcasts\/#breadcrumb\"},\"inLanguage\":\"es\",\"potentialAction\":[{\"@type\":\"ReadAction\",\"target\":[\"https:\/\/elparlante.es\/es\/proyecto-human-jovenes-y-podcasts\/\"]}]},{\"@type\":\"ImageObject\",\"inLanguage\":\"es\",\"@id\":\"https:\/\/elparlante.es\/es\/proyecto-human-jovenes-y-podcasts\/#primaryimage\",\"url\":\"https:\/\/elparlante.es\/wp-content\/uploads\/2025\/03\/IMG_8107_-scaled.jpg\",\"contentUrl\":\"https:\/\/elparlante.es\/wp-content\/uploads\/2025\/03\/IMG_8107_-scaled.jpg\",\"width\":2560,\"height\":1465},{\"@type\":\"BreadcrumbList\",\"@id\":\"https:\/\/elparlante.es\/es\/proyecto-human-jovenes-y-podcasts\/#breadcrumb\",\"itemListElement\":[{\"@type\":\"ListItem\",\"position\":1,\"name\":\"Portada\",\"item\":\"https:\/\/elparlante.es\/es\/\"},{\"@type\":\"ListItem\",\"position\":2,\"name\":\"Proyecto HUMAN- J\u00f3venes y podcasts\"}]},{\"@type\":\"WebSite\",\"@id\":\"https:\/\/elparlante.es\/es\/#website\",\"url\":\"https:\/\/elparlante.es\/es\/\",\"name\":\"elParlante\",\"description\":\"ElParlante es una entidad de car\u00e1cter cultural, social y educativo, fundada en 2009. Entendemos la comunicaci\u00f3n como un proceso de di\u00e1logo constante, y utilizamos las tecnolog\u00edas audiovisuales como instrumentos de transformaci\u00f3n y cambio. Dise\u00f1amos, implementamos y evaluamos estrategias que vinculan la Educaci\u00f3n y la Comunicaci\u00f3n para la promoci\u00f3n de una ciudadan\u00eda m\u00e1s activa.\",\"alternateName\":\"elParlante\",\"potentialAction\":[{\"@type\":\"SearchAction\",\"target\":{\"@type\":\"EntryPoint\",\"urlTemplate\":\"https:\/\/elparlante.es\/es\/?s={search_term_string}\"},\"query-input\":{\"@type\":\"PropertyValueSpecification\",\"valueRequired\":true,\"valueName\":\"search_term_string\"}}],\"inLanguage\":\"es\"},{\"@type\":\"Person\",\"@id\":\"https:\/\/elparlante.es\/es\/#\/schema\/person\/7a1e11d9ebdc0662e18895ca0bccb568\",\"name\":\"elParlante\",\"image\":{\"@type\":\"ImageObject\",\"inLanguage\":\"es\",\"@id\":\"https:\/\/secure.gravatar.com\/avatar\/4d7d152cbe8c0a34203c3c862e5e0dcb4c426e2e6d438567fb8fb45bec080245?s=96&d=mm&r=g\",\"url\":\"https:\/\/secure.gravatar.com\/avatar\/4d7d152cbe8c0a34203c3c862e5e0dcb4c426e2e6d438567fb8fb45bec080245?s=96&d=mm&r=g\",\"contentUrl\":\"https:\/\/secure.gravatar.com\/avatar\/4d7d152cbe8c0a34203c3c862e5e0dcb4c426e2e6d438567fb8fb45bec080245?s=96&d=mm&r=g\",\"caption\":\"elParlante\"},\"sameAs\":[\"https:\/\/elparlante.es\/web\"]}]}<\/script>\n<!-- \/ Yoast SEO plugin. -->","yoast_head_json":{"title":"Proyecto HUMAN- J\u00f3venes y podcasts","robots":{"index":"noindex","follow":"follow"},"og_locale":"es_ES","og_type":"article","og_title":"Proyecto HUMAN- J\u00f3venes y podcasts","og_description":"Amanda, Lua, Martina y Aran, alumnos del Instituto Quatre Cantons, participan en el proyecto europeo HUMAN . En Espa\u00f1a, este proyecto est\u00e1 coordinado por Rinova , en colaboraci\u00f3n con la Asociaci\u00f3n Cultural elParlante . Desde elParlante hemos acompa\u00f1ado las cuatro sesiones de trabajo con estas j\u00f3venes participantes. El objetivo era crear 10 piezas sonoras cortas [&hellip;]","og_url":"https:\/\/elparlante.es\/es\/proyecto-human-jovenes-y-podcasts\/","og_site_name":"elParlante","article_publisher":"https:\/\/www.facebook.com\/elParlante.es","article_published_time":"2025-05-09T08:35:40+00:00","og_image":[{"width":2560,"height":1920,"url":"https:\/\/elparlante.es\/wp-content\/uploads\/2025\/05\/IMG_8878-scaled.jpg","type":"image\/jpeg"}],"author":"elParlante","twitter_card":"summary_large_image","twitter_creator":"@elParlanteBCN","twitter_site":"@elParlanteBCN","twitter_misc":{"Escrito por":"elParlante","Tiempo de lectura":"1 minuto"},"schema":{"@context":"https:\/\/schema.org","@graph":[{"@type":"Article","@id":"https:\/\/elparlante.es\/es\/proyecto-human-jovenes-y-podcasts\/#article","isPartOf":{"@id":"https:\/\/elparlante.es\/es\/proyecto-human-jovenes-y-podcasts\/"},"author":{"name":"elParlante","@id":"https:\/\/elparlante.es\/es\/#\/schema\/person\/7a1e11d9ebdc0662e18895ca0bccb568"},"headline":"Proyecto HUMAN- J\u00f3venes y podcasts","datePublished":"2025-05-09T08:35:40+00:00","mainEntityOfPage":{"@id":"https:\/\/elparlante.es\/es\/proyecto-human-jovenes-y-podcasts\/"},"wordCount":214,"image":{"@id":"https:\/\/elparlante.es\/es\/proyecto-human-jovenes-y-podcasts\/#primaryimage"},"thumbnailUrl":"https:\/\/elparlante.es\/wp-content\/uploads\/2025\/03\/IMG_8107_-scaled.jpg","keywords":["activismo juvenil","humano","proyecto europeo"],"articleSection":["Blog-ca"],"inLanguage":"es"},{"@type":"WebPage","@id":"https:\/\/elparlante.es\/es\/proyecto-human-jovenes-y-podcasts\/","url":"https:\/\/elparlante.es\/es\/proyecto-human-jovenes-y-podcasts\/","name":"Proyecto HUMAN- J\u00f3venes y podcasts","isPartOf":{"@id":"https:\/\/elparlante.es\/es\/#website"},"primaryImageOfPage":{"@id":"https:\/\/elparlante.es\/es\/proyecto-human-jovenes-y-podcasts\/#primaryimage"},"image":{"@id":"https:\/\/elparlante.es\/es\/proyecto-human-jovenes-y-podcasts\/#primaryimage"},"thumbnailUrl":"https:\/\/elparlante.es\/wp-content\/uploads\/2025\/03\/IMG_8107_-scaled.jpg","datePublished":"2025-05-09T08:35:40+00:00","author":{"@id":"https:\/\/elparlante.es\/es\/#\/schema\/person\/7a1e11d9ebdc0662e18895ca0bccb568"},"breadcrumb":{"@id":"https:\/\/elparlante.es\/es\/proyecto-human-jovenes-y-podcasts\/#breadcrumb"},"inLanguage":"es","potentialAction":[{"@type":"ReadAction","target":["https:\/\/elparlante.es\/es\/proyecto-human-jovenes-y-podcasts\/"]}]},{"@type":"ImageObject","inLanguage":"es","@id":"https:\/\/elparlante.es\/es\/proyecto-human-jovenes-y-podcasts\/#primaryimage","url":"https:\/\/elparlante.es\/wp-content\/uploads\/2025\/03\/IMG_8107_-scaled.jpg","contentUrl":"https:\/\/elparlante.es\/wp-content\/uploads\/2025\/03\/IMG_8107_-scaled.jpg","width":2560,"height":1465},{"@type":"BreadcrumbList","@id":"https:\/\/elparlante.es\/es\/proyecto-human-jovenes-y-podcasts\/#breadcrumb","itemListElement":[{"@type":"ListItem","position":1,"name":"Portada","item":"https:\/\/elparlante.es\/es\/"},{"@type":"ListItem","position":2,"name":"Proyecto HUMAN- J\u00f3venes y podcasts"}]},{"@type":"WebSite","@id":"https:\/\/elparlante.es\/es\/#website","url":"https:\/\/elparlante.es\/es\/","name":"elParlante","description":"ElParlante es una entidad de car\u00e1cter cultural, social y educativo, fundada en 2009. Entendemos la comunicaci\u00f3n como un proceso de di\u00e1logo constante, y utilizamos las tecnolog\u00edas audiovisuales como instrumentos de transformaci\u00f3n y cambio. Dise\u00f1amos, implementamos y evaluamos estrategias que vinculan la Educaci\u00f3n y la Comunicaci\u00f3n para la promoci\u00f3n de una ciudadan\u00eda m\u00e1s activa.","alternateName":"elParlante","potentialAction":[{"@type":"SearchAction","target":{"@type":"EntryPoint","urlTemplate":"https:\/\/elparlante.es\/es\/?s={search_term_string}"},"query-input":{"@type":"PropertyValueSpecification","valueRequired":true,"valueName":"search_term_string"}}],"inLanguage":"es"},{"@type":"Person","@id":"https:\/\/elparlante.es\/es\/#\/schema\/person\/7a1e11d9ebdc0662e18895ca0bccb568","name":"elParlante","image":{"@type":"ImageObject","inLanguage":"es","@id":"https:\/\/secure.gravatar.com\/avatar\/4d7d152cbe8c0a34203c3c862e5e0dcb4c426e2e6d438567fb8fb45bec080245?s=96&d=mm&r=g","url":"https:\/\/secure.gravatar.com\/avatar\/4d7d152cbe8c0a34203c3c862e5e0dcb4c426e2e6d438567fb8fb45bec080245?s=96&d=mm&r=g","contentUrl":"https:\/\/secure.gravatar.com\/avatar\/4d7d152cbe8c0a34203c3c862e5e0dcb4c426e2e6d438567fb8fb45bec080245?s=96&d=mm&r=g","caption":"elParlante"},"sameAs":["https:\/\/elparlante.es\/web"]}]}},"_links":{"self":[{"href":"https:\/\/elparlante.es\/es\/wp-json\/wp\/v2\/posts\/8742","targetHints":{"allow":["GET"]}}],"collection":[{"href":"https:\/\/elparlante.es\/es\/wp-json\/wp\/v2\/posts"}],"about":[{"href":"https:\/\/elparlante.es\/es\/wp-json\/wp\/v2\/types\/post"}],"author":[{"embeddable":true,"href":"https:\/\/elparlante.es\/es\/wp-json\/wp\/v2\/users\/1"}],"replies":[{"embeddable":true,"href":"https:\/\/elparlante.es\/es\/wp-json\/wp\/v2\/comments?post=8742"}],"version-history":[{"count":0,"href":"https:\/\/elparlante.es\/es\/wp-json\/wp\/v2\/posts\/8742\/revisions"}],"wp:featuredmedia":[{"embeddable":true,"href":"https:\/\/elparlante.es\/es\/wp-json\/wp\/v2\/media\/8685"}],"wp:attachment":[{"href":"https:\/\/elparlante.es\/es\/wp-json\/wp\/v2\/media?parent=8742"}],"wp:term":[{"taxonomy":"category","embeddable":true,"href":"https:\/\/elparlante.es\/es\/wp-json\/wp\/v2\/categories?post=8742"},{"taxonomy":"post_tag","embeddable":true,"href":"https:\/\/elparlante.es\/es\/wp-json\/wp\/v2\/tags?post=8742"}],"curies":[{"name":"wp","href":"https:\/\/api.w.org\/{rel}","templated":true}]}}